{"id":8426,"date":"2020-11-25T11:55:34","date_gmt":"2020-11-25T10:55:34","guid":{"rendered":"http:\/\/agora.xtec.cat\/escolalavilapalamos\/?p=8426"},"modified":"2020-11-30T08:40:26","modified_gmt":"2020-11-30T07:40:26","slug":"descobrim-palamos","status":"publish","type":"post","link":"https:\/\/agora.xtec.cat\/escolalavilapalamos\/general\/descobrim-palamos\/","title":{"rendered":"Descobrim Palam\u00f3s!!!"},"content":{"rendered":"<p><span style=\"font-weight: 400;\">Fa uns dies que a les aules de P5 vam descobrir un cofre amb diversos objectes relacionats amb la nostra vila: un tall de xarxa, una ampolleta plena de sorra de platja, unes petxines, unes pinyes i un pl\u00e0nol del carrers de Palam\u00f3s. Tamb\u00e9 hi havia una bosseta amb uns paperets embolicats com a pergamins.<\/span><\/p>\n<p><span style=\"font-weight: 400;\">Cada infant en va tenir un i al obrir-lo vam descobrir que es repetien quatre imatges: el far, els oficis, les platges i els ports. Aquestes imatges s\u00f3n el punt de partida<\/span><span style=\"font-weight: 400;\"> dels grups de treball que faran recerca del nostre poble.<\/span><\/p>\n<p><span style=\"font-weight: 400;\">La primera sortida per con\u00e8ixer la vila de Palam\u00f3s la vam fer, el passat dimecres 18 de novembre,\u00a0 al passeig . All\u00e0 ens vam aturar a descobrir tres espais populars:\u00a0<\/span><\/p>\n<ul>\n<li style=\"font-weight: 400;\"><span style=\"font-weight: 400;\">El brollador de la rosa dels vents<\/span><\/li>\n<li style=\"font-weight: 400;\"><span style=\"font-weight: 400;\">L&#8217;escultura dedicada a la gent del mar<\/span><\/li>\n<li style=\"font-weight: 400;\"><span style=\"font-weight: 400;\">Els canons exposats en els miradors al mar.<\/span><\/li>\n<\/ul>\n<p><span style=\"font-weight: 400;\">Situats al centre del passeig, tamb\u00e9 hem observat els diversos elements que ens envolten. Des de l&#8217;horitz\u00f3 del mar, la sorra de la platja, la zona de p\u00e0rquing, zona de passeig, la carretera fins els edificis de primera l\u00ednia.\u00a0<\/span><\/p>\n<p><span style=\"font-weight: 400;\">Tamb\u00e9 hem aprofitat una bona estona de joc al mig de la platja!!!<\/span><\/p>\n<p><iframe loading=\"lazy\" title=\"NOTICIA PROJECTE PALAM\u00d3S P5 20\/21\" width=\"500\" height=\"375\" src=\"https:\/\/www.youtube.com\/embed\/bhjCd5x1aeA?feature=oembed\" frameborder=\"0\" allow=\"accelerometer; autoplay; clipboard-write; encrypted-media; gyroscope; picture-in-picture; web-share\" referrerpolicy=\"strict-origin-when-cross-origin\" allowfullscreen><\/iframe><\/p>\n","protected":false},"excerpt":{"rendered":"<p>Fa uns dies que a les aules de P5 vam descobrir un cofre amb diversos objectes relacionats amb la nostra vila: un tall de xarxa, una ampolleta plena de sorra de platja, unes petxines, unes pinyes i un pl\u00e0nol del carrers de Palam\u00f3s. Tamb\u00e9 hi&hellip;  <a href=\"https:\/\/agora.xtec.cat\/escolalavilapalamos\/general\/descobrim-palamos\/\" title=\"Read Descobrim Palam\u00f3s!!!\">Llegeix m\u00e9s\u00bb<\/a><\/p>\n","protected":false},"author":128,"featured_media":8428,"comment_status":"closed","ping_status":"closed","sticky":false,"template":"","format":"standard","meta":{"_bbp_topic_count":0,"_bbp_reply_count":0,"_bbp_total_topic_count":0,"_bbp_total_reply_count":0,"_bbp_voice_count":0,"_bbp_anonymous_reply_count":0,"_bbp_topic_count_hidden":0,"_bbp_reply_count_hidden":0,"_bbp_forum_subforum_count":0,"footnotes":""},"categories":[2,1,4],"tags":[],"class_list":["post-8426","post","type-post","status-publish","format-standard","has-post-thumbnail","hentry","category-infantil","category-general","category-portada"],"post_mailing_queue_ids":[],"_links":{"self":[{"href":"https:\/\/agora.xtec.cat\/escolalavilapalamos\/wp-json\/wp\/v2\/posts\/8426","targetHints":{"allow":["GET"]}}],"collection":[{"href":"https:\/\/agora.xtec.cat\/escolalavilapalamos\/wp-json\/wp\/v2\/posts"}],"about":[{"href":"https:\/\/agora.xtec.cat\/escolalavilapalamos\/wp-json\/wp\/v2\/types\/post"}],"author":[{"embeddable":true,"href":"https:\/\/agora.xtec.cat\/escolalavilapalamos\/wp-json\/wp\/v2\/users\/128"}],"replies":[{"embeddable":true,"href":"https:\/\/agora.xtec.cat\/escolalavilapalamos\/wp-json\/wp\/v2\/comments?post=8426"}],"version-history":[{"count":3,"href":"https:\/\/agora.xtec.cat\/escolalavilapalamos\/wp-json\/wp\/v2\/posts\/8426\/revisions"}],"predecessor-version":[{"id":8430,"href":"https:\/\/agora.xtec.cat\/escolalavilapalamos\/wp-json\/wp\/v2\/posts\/8426\/revisions\/8430"}],"wp:featuredmedia":[{"embeddable":true,"href":"https:\/\/agora.xtec.cat\/escolalavilapalamos\/wp-json\/wp\/v2\/media\/8428"}],"wp:attachment":[{"href":"https:\/\/agora.xtec.cat\/escolalavilapalamos\/wp-json\/wp\/v2\/media?parent=8426"}],"wp:term":[{"taxonomy":"category","embeddable":true,"href":"https:\/\/agora.xtec.cat\/escolalavilapalamos\/wp-json\/wp\/v2\/categories?post=8426"},{"taxonomy":"post_tag","embeddable":true,"href":"https:\/\/agora.xtec.cat\/escolalavilapalamos\/wp-json\/wp\/v2\/tags?post=8426"}],"curies":[{"name":"wp","href":"https:\/\/api.w.org\/{rel}","templated":true}]}}