{"id":8392,"date":"2020-12-12T20:32:50","date_gmt":"2020-12-12T19:32:50","guid":{"rendered":"http:\/\/agora.xtec.cat\/escolalavilapalamos\/?p=8392"},"modified":"2020-12-12T21:57:03","modified_gmt":"2020-12-12T20:57:03","slug":"les-escoles-del-futur","status":"publish","type":"post","link":"https:\/\/agora.xtec.cat\/escolalavilapalamos\/general\/les-escoles-del-futur\/","title":{"rendered":"Les escoles del futur"},"content":{"rendered":"<p><a href=\"https:\/\/agora.xtec.cat\/escolalavilapalamos\/wp-content\/uploads\/usu897\/2020\/12\/unnamed.jpg\"><img loading=\"lazy\" decoding=\"async\" class=\"alignleft size-medium wp-image-8700\" src=\"https:\/\/agora.xtec.cat\/escolalavilapalamos\/wp-content\/uploads\/usu897\/2020\/12\/unnamed-300x200.jpg\" alt=\"\" width=\"300\" height=\"200\" srcset=\"https:\/\/agora.xtec.cat\/escolalavilapalamos\/wp-content\/uploads\/usu897\/2020\/12\/unnamed-300x200.jpg 300w, https:\/\/agora.xtec.cat\/escolalavilapalamos\/wp-content\/uploads\/usu897\/2020\/12\/unnamed.jpg 512w\" sizes=\"auto, (max-width: 300px) 100vw, 300px\" \/><\/a>Creiem que el material que s&#8217;utilitzar\u00e0 s\u00f3n tablets enlloc de pissarres, els surfaces pen que son uns llapis especials per escriure a les pantalles. Tambe\u00e9 enlloc de llibres, llibretes&#8230; s&#8217;utilitzaran les tablets. En el futur es podr\u00e0 disfrutar virtualment del pati.<\/p>\n<p>Tamb\u00e9 estem segures que a les escoles del futur es dur\u00e0 uniforme&#8230; Segurament que a part de mates, llengua&#8230; Amb l&#8217;assignatura de ci\u00e8ncies es crearan moltes coses noves com els robots&#8230; En el futur es crear\u00e0 una altra assignatura que es dir\u00e0 conviv\u00e8ncia social. Aquesta assignatura consisteix en que s&#8217;estudiaran les formes de conviure en la societat, molt important per relacionar-se.<\/p>\n<p>Les aules del nostre futur seran aix\u00ed:<a href=\"https:\/\/criatures.ara.cat\/escola\/serAN-AULES-del-futur_0_1610238970.html\">\u00a0aules del futur\u00a0<\/a><\/p>\n<p>I aqui et posem un video de l&#8217;aprenentatge:<\/p>\n<p><iframe loading=\"lazy\" src=\"\/\/www.youtube.com\/embed\/qfOdCS8nSc0\" width=\"560\" height=\"314\"><\/iframe><\/p>\n<p>Que ta semblat el video? De qu\u00e8 parla el v\u00eddeo<\/p>\n<ol>\n<li>La contaminaci\u00f3 es part del futur i per aix\u00f2 us la posem en aques video.<\/li>\n<\/ol>\n<p>2. La societat es un tema a tractar en el futur.<\/p>\n<p>3.. L&#8217;aprenentatge de les escoles ser\u00e0 el mateix que actualment, per\u00f2 en el futur hi haur\u00e0 coses noves&#8230;<\/p>\n<p>ARLET GRUAS R\u00c8BULA I VALENTINA SUBIRANA CAMPOS.<\/p>\n","protected":false},"excerpt":{"rendered":"<p><a href=\"https:\/\/agora.xtec.cat\/escolalavilapalamos\/wp-content\/uploads\/usu897\/2020\/12\/unnamed.jpg\"><\/a>Creiem que el material que s&#8217;utilitzar\u00e0 s\u00f3n tablets enlloc de pissarres, els surfaces pen que son uns llapis especials per escriure a les pantalles. Tambe\u00e9 enlloc de llibres, llibretes&#8230; s&#8217;utilitzaran les tablets. En el futur es podr\u00e0 disfrutar virtualment del pati.<br \/>\nTamb\u00e9 estem segures que&hellip;  <a href=\"https:\/\/agora.xtec.cat\/escolalavilapalamos\/general\/les-escoles-del-futur\/\" title=\"Read Les escoles del futur\">Llegeix m\u00e9s\u00bb<\/a><\/p>\n","protected":false},"author":171,"featured_media":8700,"comment_status":"open","ping_status":"closed","sticky":false,"template":"","format":"standard","meta":{"_bbp_topic_count":0,"_bbp_reply_count":0,"_bbp_total_topic_count":0,"_bbp_total_reply_count":0,"_bbp_voice_count":0,"_bbp_anonymous_reply_count":0,"_bbp_topic_count_hidden":0,"_bbp_reply_count_hidden":0,"_bbp_forum_subforum_count":0,"footnotes":""},"categories":[1,131],"tags":[],"class_list":["post-8392","post","type-post","status-publish","format-standard","has-post-thumbnail","hentry","category-general","category-setmana-de-la-ciencia"],"post_mailing_queue_ids":[],"_links":{"self":[{"href":"https:\/\/agora.xtec.cat\/escolalavilapalamos\/wp-json\/wp\/v2\/posts\/8392","targetHints":{"allow":["GET"]}}],"collection":[{"href":"https:\/\/agora.xtec.cat\/escolalavilapalamos\/wp-json\/wp\/v2\/posts"}],"about":[{"href":"https:\/\/agora.xtec.cat\/escolalavilapalamos\/wp-json\/wp\/v2\/types\/post"}],"author":[{"embeddable":true,"href":"https:\/\/agora.xtec.cat\/escolalavilapalamos\/wp-json\/wp\/v2\/users\/171"}],"replies":[{"embeddable":true,"href":"https:\/\/agora.xtec.cat\/escolalavilapalamos\/wp-json\/wp\/v2\/comments?post=8392"}],"version-history":[{"count":4,"href":"https:\/\/agora.xtec.cat\/escolalavilapalamos\/wp-json\/wp\/v2\/posts\/8392\/revisions"}],"predecessor-version":[{"id":8702,"href":"https:\/\/agora.xtec.cat\/escolalavilapalamos\/wp-json\/wp\/v2\/posts\/8392\/revisions\/8702"}],"wp:featuredmedia":[{"embeddable":true,"href":"https:\/\/agora.xtec.cat\/escolalavilapalamos\/wp-json\/wp\/v2\/media\/8700"}],"wp:attachment":[{"href":"https:\/\/agora.xtec.cat\/escolalavilapalamos\/wp-json\/wp\/v2\/media?parent=8392"}],"wp:term":[{"taxonomy":"category","embeddable":true,"href":"https:\/\/agora.xtec.cat\/escolalavilapalamos\/wp-json\/wp\/v2\/categories?post=8392"},{"taxonomy":"post_tag","embeddable":true,"href":"https:\/\/agora.xtec.cat\/escolalavilapalamos\/wp-json\/wp\/v2\/tags?post=8392"}],"curies":[{"name":"wp","href":"https:\/\/api.w.org\/{rel}","templated":true}]}}