{"id":8384,"date":"2020-12-11T16:42:21","date_gmt":"2020-12-11T15:42:21","guid":{"rendered":"http:\/\/agora.xtec.cat\/escolalavilapalamos\/?p=8384"},"modified":"2020-12-11T16:42:21","modified_gmt":"2020-12-11T15:42:21","slug":"educacio-fisica-a-1r","status":"publish","type":"post","link":"https:\/\/agora.xtec.cat\/escolalavilapalamos\/portada\/educacio-fisica-a-1r\/","title":{"rendered":"Educaci\u00f3 f\u00edsica a 1r!"},"content":{"rendered":"<p><a href=\"https:\/\/agora.xtec.cat\/escolalavilapalamos\/wp-content\/uploads\/usu897\/2020\/12\/IMG_6243.jpg\"><img loading=\"lazy\" decoding=\"async\" class=\"wp-image-8653 alignright\" src=\"https:\/\/agora.xtec.cat\/escolalavilapalamos\/wp-content\/uploads\/usu897\/2020\/12\/IMG_6243.jpg\" alt=\"\" width=\"375\" height=\"265\" srcset=\"https:\/\/agora.xtec.cat\/escolalavilapalamos\/wp-content\/uploads\/usu897\/2020\/12\/IMG_6243.jpg 960w, https:\/\/agora.xtec.cat\/escolalavilapalamos\/wp-content\/uploads\/usu897\/2020\/12\/IMG_6243-300x212.jpg 300w, https:\/\/agora.xtec.cat\/escolalavilapalamos\/wp-content\/uploads\/usu897\/2020\/12\/IMG_6243-768x542.jpg 768w\" sizes=\"auto, (max-width: 375px) 100vw, 375px\" \/><\/a><\/p>\n<p>Durant aquest primer trimestre, l&#8217;alumnat de 1r curs ha gaudit durant les sessions d&#8217;educaci\u00f3 f\u00edsica. S&#8217;han treballat les 4 dimensions (activitat f\u00edsica, h\u00e0bits saludables, expressi\u00f3 i comunicaci\u00f3 corporal i el joc) en la qual es divideix l&#8217;\u00e0rea d&#8217;educaci\u00f3 f\u00edsica. Clicant a la imatge trobareu un petit recull fotogr\u00e0fic del que ha estat aquest trimestre.<\/p>\n<p><a href=\"https:\/\/photos.app.goo.gl\/tQ9RhSr1F3pdMLHc6\"><img loading=\"lazy\" decoding=\"async\" class=\"wp-image-8654 aligncenter\" src=\"https:\/\/agora.xtec.cat\/escolalavilapalamos\/wp-content\/uploads\/usu897\/2020\/12\/IMG_20201126_150308-1024x768.jpg\" alt=\"\" width=\"339\" height=\"254\" srcset=\"https:\/\/agora.xtec.cat\/escolalavilapalamos\/wp-content\/uploads\/usu897\/2020\/12\/IMG_20201126_150308-1024x768.jpg 1024w, https:\/\/agora.xtec.cat\/escolalavilapalamos\/wp-content\/uploads\/usu897\/2020\/12\/IMG_20201126_150308-300x225.jpg 300w, https:\/\/agora.xtec.cat\/escolalavilapalamos\/wp-content\/uploads\/usu897\/2020\/12\/IMG_20201126_150308-768x576.jpg 768w, https:\/\/agora.xtec.cat\/escolalavilapalamos\/wp-content\/uploads\/usu897\/2020\/12\/IMG_20201126_150308-200x150.jpg 200w\" sizes=\"auto, (max-width: 339px) 100vw, 339px\" \/><\/a><\/p>\n<p>&nbsp;<\/p>\n","protected":false},"excerpt":{"rendered":"<p><a href=\"https:\/\/agora.xtec.cat\/escolalavilapalamos\/wp-content\/uploads\/usu897\/2020\/12\/IMG_6243.jpg\"><\/a><br \/>\nDurant aquest primer trimestre, l&#8217;alumnat de 1r curs ha gaudit durant les sessions d&#8217;educaci\u00f3 f\u00edsica. S&#8217;han treballat les 4 dimensions (activitat f\u00edsica, h\u00e0bits saludables, expressi\u00f3 i comunicaci\u00f3 corporal i el joc) en la qual es divideix l&#8217;\u00e0rea d&#8217;educaci\u00f3 f\u00edsica. Clicant a la imatge trobareu&hellip;  <a href=\"https:\/\/agora.xtec.cat\/escolalavilapalamos\/portada\/educacio-fisica-a-1r\/\" title=\"Read Educaci\u00f3 f\u00edsica a 1r!\">Llegeix m\u00e9s\u00bb<\/a><\/p>\n","protected":false},"author":167,"featured_media":8654,"comment_status":"open","ping_status":"closed","sticky":false,"template":"","format":"standard","meta":{"_bbp_topic_count":0,"_bbp_reply_count":0,"_bbp_total_topic_count":0,"_bbp_total_reply_count":0,"_bbp_voice_count":0,"_bbp_anonymous_reply_count":0,"_bbp_topic_count_hidden":0,"_bbp_reply_count_hidden":0,"_bbp_forum_subforum_count":0,"footnotes":""},"categories":[127,70,67,4],"tags":[],"class_list":["post-8384","post","type-post","status-publish","format-standard","has-post-thumbnail","hentry","category-comunitat-de-mitjans","category-efi","category-especialistes","category-portada"],"post_mailing_queue_ids":[],"_links":{"self":[{"href":"https:\/\/agora.xtec.cat\/escolalavilapalamos\/wp-json\/wp\/v2\/posts\/8384","targetHints":{"allow":["GET"]}}],"collection":[{"href":"https:\/\/agora.xtec.cat\/escolalavilapalamos\/wp-json\/wp\/v2\/posts"}],"about":[{"href":"https:\/\/agora.xtec.cat\/escolalavilapalamos\/wp-json\/wp\/v2\/types\/post"}],"author":[{"embeddable":true,"href":"https:\/\/agora.xtec.cat\/escolalavilapalamos\/wp-json\/wp\/v2\/users\/167"}],"replies":[{"embeddable":true,"href":"https:\/\/agora.xtec.cat\/escolalavilapalamos\/wp-json\/wp\/v2\/comments?post=8384"}],"version-history":[{"count":3,"href":"https:\/\/agora.xtec.cat\/escolalavilapalamos\/wp-json\/wp\/v2\/posts\/8384\/revisions"}],"predecessor-version":[{"id":8675,"href":"https:\/\/agora.xtec.cat\/escolalavilapalamos\/wp-json\/wp\/v2\/posts\/8384\/revisions\/8675"}],"wp:featuredmedia":[{"embeddable":true,"href":"https:\/\/agora.xtec.cat\/escolalavilapalamos\/wp-json\/wp\/v2\/media\/8654"}],"wp:attachment":[{"href":"https:\/\/agora.xtec.cat\/escolalavilapalamos\/wp-json\/wp\/v2\/media?parent=8384"}],"wp:term":[{"taxonomy":"category","embeddable":true,"href":"https:\/\/agora.xtec.cat\/escolalavilapalamos\/wp-json\/wp\/v2\/categories?post=8384"},{"taxonomy":"post_tag","embeddable":true,"href":"https:\/\/agora.xtec.cat\/escolalavilapalamos\/wp-json\/wp\/v2\/tags?post=8384"}],"curies":[{"name":"wp","href":"https:\/\/api.w.org\/{rel}","templated":true}]}}