{"id":8353,"date":"2020-12-01T10:36:25","date_gmt":"2020-12-01T09:36:25","guid":{"rendered":"http:\/\/agora.xtec.cat\/escolalavilapalamos\/?p=8353"},"modified":"2020-12-01T11:53:11","modified_gmt":"2020-12-01T10:53:11","slug":"libellula","status":"publish","type":"post","link":"https:\/\/agora.xtec.cat\/escolalavilapalamos\/general\/libellula\/","title":{"rendered":"Lib\u00e8l\u00b7lula"},"content":{"rendered":"<pre class=\"tw-data-text tw-text-large XcVN5d tw-ta\" data-placeholder=\"Traducci\u00f3n\"><span lang=\"ca\">\r\nLib\u00e8l\u00b7lula voleteja i s\u00b4exhibeix fent tot tipus d\u00b4acrob\u00e0cies.Tanmateix,una gran part de la seva vidaroman oculta.\r\n\r\n<\/span><\/pre>\n<pre class=\"tw-data-text tw-text-large XcVN5d tw-ta\" data-placeholder=\"Traducci\u00f3n\"><span lang=\"ca\"><img loading=\"lazy\" decoding=\"async\" class=\"n3VNCb alignleft\" src=\"https:\/\/farm5.static.flickr.com\/4091\/4951844119_c4978fe8a0_b.jpg\" alt=\"Escrits Amb Llum: Lib\u00e9lulas\" width=\"344\" height=\"236\" data-noaft=\"1\" \/><\/span><\/pre>\n<pre class=\"tw-data-text tw-text-large XcVN5d tw-ta\" data-placeholder=\"Traducci\u00f3n\"><span lang=\"ca\"><strong>UN PILOT EXCEPCIONAL <\/strong>\u00c9s un mascle.Patrulla al seu territori,sobrevolant l\u00b4aigua d'un estany.\r\nAvan\u00e7a en l\u00ednia recta,plana,gira bruscament i despr\u00e9s s\u00b4atura enlaire.\r\nEs capa\u00e7 fins i tot de volar cap enrere.Per\u00f2 qu\u00e8 ha vist?. <strong> \r\n\r\nEL MOMENT DE MENJAR \r\n<\/strong>La lib\u00e8l\u00b7lula mascle ha localitzat una mosca.\r\nCom si fos un avi\u00f3 de ca\u00e7a,ha accelerat per atrapar-la.\r\nEn arribar a la seva altura,l\u00b4ha atrapat amb les potes.\r\nAra est\u00e0 devorant la seva presa,posada en una branca. \r\n\r\n<strong>UN SEGREST EN PLE VOL? \r\n<\/strong>El mascle continua vigilant les ribes de l\u00b4estany.\r\nAquesta vegada,la que s\u00b4ha aventurat en el seu espai aeri \u00e9s una femella de la seva especie.\r\nEl mascle l\u00b4agafa per cap amb una mena de pin\u00e7a que t\u00e9 a l\u00b4extrem de l\u00b4abdomen i l\u00b4arrossega volant. <\/span><\/pre>\n<pre class=\"tw-data-text tw-text-large XcVN5d tw-ta\" data-placeholder=\"Traducci\u00f3n\"><span lang=\"ca\">\r\n<strong>OUS LLAN\u00c7ATS A L\u00b4AIGUA\r\n<\/strong>Despr\u00e9s,la femella trasllada el mascle fins al lloc que ha\r\nescollit per pondre els ous.La parella vola unida en t\u00e0ndem\r\nper sobre de l\u00b4aigua perqu\u00e8 la femella pugui dipositar els ous\r\nfecundats a la superf\u00edcie de l\u00b4aigua estancada.\r\n\r\n<strong>PER FI VOLA!\r\n<\/strong>Ja d'adultes,lib\u00e8l\u00b7lules porten una vida a\u00e8ria. Aix\u00ed viuen\r\nun o dos mesos.El temps suficient per formar parelles \r\ni permetre a les femelles pondre els ous a l\u00b4aigua.\r\n\r\nASHLEY NORELY BONILLA I MALAK HAMMOUCH\r\n\r\n\r\n<iframe loading=\"lazy\" src=\"\/\/www.youtube.com\/embed\/wqSI95F4Fds\" width=\"560\" height=\"314\"><\/iframe> <\/span><\/pre>\n<p>&nbsp;<\/p>\n<p>&nbsp;<\/p>\n<p>&nbsp;<\/p>\n","protected":false},"excerpt":{"rendered":"<p>Lib\u00e8l\u00b7lula voleteja i s\u00b4exhibeix fent tot tipus d\u00b4acrob\u00e0cies.Tanmateix,una gran part de la seva vidaroman oculta.<\/p>\n<p>UN PILOT EXCEPCIONAL \u00c9s un mascle.Patrulla al seu territori,sobrevolant l\u00b4aigua d&#8217;un estany.<br \/>\nAvan\u00e7a en l\u00ednia recta,plana,gira bruscament i despr\u00e9s s\u00b4atura enlaire.<br \/>\nEs capa\u00e7 fins i tot de volar cap enrere.Per\u00f2 qu\u00e8 ha vist?.&hellip;  <a href=\"https:\/\/agora.xtec.cat\/escolalavilapalamos\/general\/libellula\/\" title=\"Read Lib\u00e8l\u00b7lula\">Llegeix m\u00e9s\u00bb<\/a><\/p>\n","protected":false},"author":171,"featured_media":8492,"comment_status":"open","ping_status":"closed","sticky":false,"template":"","format":"standard","meta":{"_bbp_topic_count":0,"_bbp_reply_count":0,"_bbp_total_topic_count":0,"_bbp_total_reply_count":0,"_bbp_voice_count":0,"_bbp_anonymous_reply_count":0,"_bbp_topic_count_hidden":0,"_bbp_reply_count_hidden":0,"_bbp_forum_subforum_count":0,"footnotes":""},"categories":[1,131],"tags":[],"class_list":["post-8353","post","type-post","status-publish","format-standard","has-post-thumbnail","hentry","category-general","category-setmana-de-la-ciencia"],"post_mailing_queue_ids":[],"_links":{"self":[{"href":"https:\/\/agora.xtec.cat\/escolalavilapalamos\/wp-json\/wp\/v2\/posts\/8353","targetHints":{"allow":["GET"]}}],"collection":[{"href":"https:\/\/agora.xtec.cat\/escolalavilapalamos\/wp-json\/wp\/v2\/posts"}],"about":[{"href":"https:\/\/agora.xtec.cat\/escolalavilapalamos\/wp-json\/wp\/v2\/types\/post"}],"author":[{"embeddable":true,"href":"https:\/\/agora.xtec.cat\/escolalavilapalamos\/wp-json\/wp\/v2\/users\/171"}],"replies":[{"embeddable":true,"href":"https:\/\/agora.xtec.cat\/escolalavilapalamos\/wp-json\/wp\/v2\/comments?post=8353"}],"version-history":[{"count":3,"href":"https:\/\/agora.xtec.cat\/escolalavilapalamos\/wp-json\/wp\/v2\/posts\/8353\/revisions"}],"predecessor-version":[{"id":8525,"href":"https:\/\/agora.xtec.cat\/escolalavilapalamos\/wp-json\/wp\/v2\/posts\/8353\/revisions\/8525"}],"wp:featuredmedia":[{"embeddable":true,"href":"https:\/\/agora.xtec.cat\/escolalavilapalamos\/wp-json\/wp\/v2\/media\/8492"}],"wp:attachment":[{"href":"https:\/\/agora.xtec.cat\/escolalavilapalamos\/wp-json\/wp\/v2\/media?parent=8353"}],"wp:term":[{"taxonomy":"category","embeddable":true,"href":"https:\/\/agora.xtec.cat\/escolalavilapalamos\/wp-json\/wp\/v2\/categories?post=8353"},{"taxonomy":"post_tag","embeddable":true,"href":"https:\/\/agora.xtec.cat\/escolalavilapalamos\/wp-json\/wp\/v2\/tags?post=8353"}],"curies":[{"name":"wp","href":"https:\/\/api.w.org\/{rel}","templated":true}]}}