{"id":8351,"date":"2020-12-01T11:50:24","date_gmt":"2020-12-01T10:50:24","guid":{"rendered":"http:\/\/agora.xtec.cat\/escolalavilapalamos\/?p=8351"},"modified":"2020-12-01T11:50:24","modified_gmt":"2020-12-01T10:50:24","slug":"cap-al-planeta-vermell","status":"publish","type":"post","link":"https:\/\/agora.xtec.cat\/escolalavilapalamos\/general\/cap-al-planeta-vermell\/","title":{"rendered":"Cap al planeta vermell!"},"content":{"rendered":"<p><strong>Missi\u00f3 A Mart 2020<\/strong><a href=\"https:\/\/agora.xtec.cat\/escolalavilapalamos\/wp-content\/uploads\/usu897\/2020\/11\/baixa.jpeg\"><img loading=\"lazy\" decoding=\"async\" class=\"alignleft size-full wp-image-8477\" src=\"https:\/\/agora.xtec.cat\/escolalavilapalamos\/wp-content\/uploads\/usu897\/2020\/11\/baixa.jpeg\" alt=\"\" width=\"225\" height=\"225\" srcset=\"https:\/\/agora.xtec.cat\/escolalavilapalamos\/wp-content\/uploads\/usu897\/2020\/11\/baixa.jpeg 225w, https:\/\/agora.xtec.cat\/escolalavilapalamos\/wp-content\/uploads\/usu897\/2020\/11\/baixa-150x150.jpeg 150w\" sizes=\"auto, (max-width: 225px) 100vw, 225px\" \/><\/a><\/p>\n<p>El Rover Persevererance es va enlairar el passat mes de juliol de 2020 a bord d&#8217;un coet estatunidenc. Est\u00e0 previst que arribi a <a href=\"https:\/\/ca.wikipedia.org\/wiki\/Mart_(planeta)\">Mart<\/a> al febrer del 2021. T\u00e9 per missi\u00f3 recollir mostres de roques per buscar signes de vida passada al planeta vermell. El vehicle porta un mini helic\u00f2pter d&#8217;un metre d&#8217;envergadura\u00a0 que volara a l&#8217;atmosfera marciana.<\/p>\n<p>La missi\u00f3 projecta <span style=\"font-size: 1em; font-weight: bold;\">trobar senyals de vida passada al planeta vermell. Aqu\u00ed t&#8217;expliquem les novetats tecnol\u00f2giques de el rover, les seves metes i qui estan treballant en aquesta missi\u00f3. <\/span>La missi\u00f3 Mars 2020 t\u00e9 com a objectiu buscar no nom\u00e9s senyals que Mart t\u00e9 les condicions per ser habitat sin\u00f3 tamb\u00e9 rastres de vida microbiana passada. La missi\u00f3 Mars 2020 representa la primera fase de recol\u00b7lecta de mostres de terra marci\u00e0 que es retornaran a la Terra per al seu estudi en una missi\u00f3 futura.&#8221;Apollo 11 va demostrar l&#8217;immens valor de portar de tornada mostres d&#8217;altres mons per analitzar-les aqu\u00ed a la Terra&#8221;, va dir Thomas Zurbuchen, l&#8217;administrador associat de la Direcci\u00f3 de les Missions Cient\u00edfiques de la NASA, a l&#8217;agost de 2019. &#8220;Avui, estem aturats sobre les espatlles d&#8217;Apollo, en preparaci\u00f3 per fer el pas inicial en el primer viatge d&#8217;anada i tornada de la humanitat per al retorn de mostres d&#8217;un altre planeta: Mart &#8220;.<\/p>\n<p>D&#8217;altra banda, &#8220;el rover de la missi\u00f3 de l&#8217;any 2020 tamb\u00e9 contribuir\u00e0 a la preparaci\u00f3 necess\u00e0ria per manar una missi\u00f3 tripulada a Mart&#8221;, li va dir a CNET en Espanyol Fernando Abilleira, director de disseny i navegaci\u00f3 de la missi\u00f3 Mars 2020 en el Laboratori de propulsi\u00f3 a Reacci\u00f3 de la NASA.<\/p>\n<p>JAN TINTI\u00d1A i NIL MENACHO<\/p>\n<p><iframe loading=\"lazy\" src=\"\/\/www.youtube.com\/embed\/804vtoYB5yY\" width=\"560\" height=\"314\"><\/iframe><\/p>\n<h6><\/h6>\n","protected":false},"excerpt":{"rendered":"<p>Missi\u00f3 A Mart 2020<a href=\"https:\/\/agora.xtec.cat\/escolalavilapalamos\/wp-content\/uploads\/usu897\/2020\/11\/baixa.jpeg\"><\/a><br \/>\nEl Rover Persevererance es va enlairar el passat mes de juliol de 2020 a bord d&#8217;un coet estatunidenc. Est\u00e0 previst que arribi a <a href=\"https:\/\/ca.wikipedia.org\/wiki\/Mart_(planeta)\">Mart<\/a> al febrer del 2021. T\u00e9 per missi\u00f3 recollir mostres de roques per buscar signes de vida&hellip;  <a href=\"https:\/\/agora.xtec.cat\/escolalavilapalamos\/general\/cap-al-planeta-vermell\/\" title=\"Read Cap al planeta vermell!\">Llegeix m\u00e9s\u00bb<\/a><\/p>\n","protected":false},"author":171,"featured_media":8477,"comment_status":"open","ping_status":"closed","sticky":false,"template":"","format":"standard","meta":{"_bbp_topic_count":0,"_bbp_reply_count":0,"_bbp_total_topic_count":0,"_bbp_total_reply_count":0,"_bbp_voice_count":0,"_bbp_anonymous_reply_count":0,"_bbp_topic_count_hidden":0,"_bbp_reply_count_hidden":0,"_bbp_forum_subforum_count":0,"footnotes":""},"categories":[1,131],"tags":[],"class_list":["post-8351","post","type-post","status-publish","format-standard","has-post-thumbnail","hentry","category-general","category-setmana-de-la-ciencia"],"post_mailing_queue_ids":[],"_links":{"self":[{"href":"https:\/\/agora.xtec.cat\/escolalavilapalamos\/wp-json\/wp\/v2\/posts\/8351","targetHints":{"allow":["GET"]}}],"collection":[{"href":"https:\/\/agora.xtec.cat\/escolalavilapalamos\/wp-json\/wp\/v2\/posts"}],"about":[{"href":"https:\/\/agora.xtec.cat\/escolalavilapalamos\/wp-json\/wp\/v2\/types\/post"}],"author":[{"embeddable":true,"href":"https:\/\/agora.xtec.cat\/escolalavilapalamos\/wp-json\/wp\/v2\/users\/171"}],"replies":[{"embeddable":true,"href":"https:\/\/agora.xtec.cat\/escolalavilapalamos\/wp-json\/wp\/v2\/comments?post=8351"}],"version-history":[{"count":3,"href":"https:\/\/agora.xtec.cat\/escolalavilapalamos\/wp-json\/wp\/v2\/posts\/8351\/revisions"}],"predecessor-version":[{"id":8522,"href":"https:\/\/agora.xtec.cat\/escolalavilapalamos\/wp-json\/wp\/v2\/posts\/8351\/revisions\/8522"}],"wp:featuredmedia":[{"embeddable":true,"href":"https:\/\/agora.xtec.cat\/escolalavilapalamos\/wp-json\/wp\/v2\/media\/8477"}],"wp:attachment":[{"href":"https:\/\/agora.xtec.cat\/escolalavilapalamos\/wp-json\/wp\/v2\/media?parent=8351"}],"wp:term":[{"taxonomy":"category","embeddable":true,"href":"https:\/\/agora.xtec.cat\/escolalavilapalamos\/wp-json\/wp\/v2\/categories?post=8351"},{"taxonomy":"post_tag","embeddable":true,"href":"https:\/\/agora.xtec.cat\/escolalavilapalamos\/wp-json\/wp\/v2\/tags?post=8351"}],"curies":[{"name":"wp","href":"https:\/\/api.w.org\/{rel}","templated":true}]}}