{"id":8341,"date":"2020-11-23T08:51:59","date_gmt":"2020-11-23T07:51:59","guid":{"rendered":"http:\/\/agora.xtec.cat\/escolalavilapalamos\/?p=8341"},"modified":"2020-11-23T09:53:07","modified_gmt":"2020-11-23T08:53:07","slug":"la-musica-a-la-comunitat-de-grans","status":"publish","type":"post","link":"https:\/\/agora.xtec.cat\/escolalavilapalamos\/general\/la-musica-a-la-comunitat-de-grans\/","title":{"rendered":"La m\u00fasica a la Comunitat de Grans"},"content":{"rendered":"<p>Aquest curs la m\u00fasica \u00e9s present a l&#8217;escola d&#8217;una manera diferent. Durant el primer trimestre treballem la m\u00fasica com especialitat dins la Comunitat de Grans.<\/p>\n<p>I qu\u00e8 hem fet fins ara? Aqu\u00ed tenim un breu reportatge que ens d\u00f3na una petita idea de com ho estem treballant.<\/p>\n<p><iframe loading=\"lazy\" src=\"\/\/www.youtube.com\/embed\/R0IBzZWdrBA\" width=\"560\" height=\"314\"><\/iframe><\/p>\n","protected":false},"excerpt":{"rendered":"<p>Aquest curs la m\u00fasica \u00e9s present a l&#8217;escola d&#8217;una manera diferent. Durant el primer trimestre treballem la m\u00fasica com especialitat dins la Comunitat de Grans.<br \/>\nI qu\u00e8 hem fet fins ara? Aqu\u00ed tenim un breu reportatge que ens d\u00f3na una petita idea de com ho estem&hellip;  <a href=\"https:\/\/agora.xtec.cat\/escolalavilapalamos\/general\/la-musica-a-la-comunitat-de-grans\/\" title=\"Read La m\u00fasica a la Comunitat de Grans\">Llegeix m\u00e9s\u00bb<\/a><\/p>\n","protected":false},"author":5,"featured_media":8345,"comment_status":"open","ping_status":"closed","sticky":false,"template":"","format":"standard","meta":{"_bbp_topic_count":0,"_bbp_reply_count":0,"_bbp_total_topic_count":0,"_bbp_total_reply_count":0,"_bbp_voice_count":0,"_bbp_anonymous_reply_count":0,"_bbp_topic_count_hidden":0,"_bbp_reply_count_hidden":0,"_bbp_forum_subforum_count":0,"footnotes":""},"categories":[128,1,68,4],"tags":[],"class_list":["post-8341","post","type-post","status-publish","format-standard","has-post-thumbnail","hentry","category-comunitat-de-grans","category-general","category-musica","category-portada"],"post_mailing_queue_ids":[],"_links":{"self":[{"href":"https:\/\/agora.xtec.cat\/escolalavilapalamos\/wp-json\/wp\/v2\/posts\/8341","targetHints":{"allow":["GET"]}}],"collection":[{"href":"https:\/\/agora.xtec.cat\/escolalavilapalamos\/wp-json\/wp\/v2\/posts"}],"about":[{"href":"https:\/\/agora.xtec.cat\/escolalavilapalamos\/wp-json\/wp\/v2\/types\/post"}],"author":[{"embeddable":true,"href":"https:\/\/agora.xtec.cat\/escolalavilapalamos\/wp-json\/wp\/v2\/users\/5"}],"replies":[{"embeddable":true,"href":"https:\/\/agora.xtec.cat\/escolalavilapalamos\/wp-json\/wp\/v2\/comments?post=8341"}],"version-history":[{"count":2,"href":"https:\/\/agora.xtec.cat\/escolalavilapalamos\/wp-json\/wp\/v2\/posts\/8341\/revisions"}],"predecessor-version":[{"id":8346,"href":"https:\/\/agora.xtec.cat\/escolalavilapalamos\/wp-json\/wp\/v2\/posts\/8341\/revisions\/8346"}],"wp:featuredmedia":[{"embeddable":true,"href":"https:\/\/agora.xtec.cat\/escolalavilapalamos\/wp-json\/wp\/v2\/media\/8345"}],"wp:attachment":[{"href":"https:\/\/agora.xtec.cat\/escolalavilapalamos\/wp-json\/wp\/v2\/media?parent=8341"}],"wp:term":[{"taxonomy":"category","embeddable":true,"href":"https:\/\/agora.xtec.cat\/escolalavilapalamos\/wp-json\/wp\/v2\/categories?post=8341"},{"taxonomy":"post_tag","embeddable":true,"href":"https:\/\/agora.xtec.cat\/escolalavilapalamos\/wp-json\/wp\/v2\/tags?post=8341"}],"curies":[{"name":"wp","href":"https:\/\/api.w.org\/{rel}","templated":true}]}}