{"id":8333,"date":"2020-11-20T18:08:25","date_gmt":"2020-11-20T17:08:25","guid":{"rendered":"http:\/\/agora.xtec.cat\/escolalavilapalamos\/?p=8333"},"modified":"2020-11-23T09:32:38","modified_gmt":"2020-11-23T08:32:38","slug":"vacunes-a-lescola","status":"publish","type":"post","link":"https:\/\/agora.xtec.cat\/escolalavilapalamos\/general\/vacunes-a-lescola\/","title":{"rendered":"Vacunes a l&#8217;escola"},"content":{"rendered":"<p><a href=\"https:\/\/agora.xtec.cat\/escolalavilapalamos\/wp-content\/uploads\/usu897\/2020\/11\/unnamed.jpg\"><img loading=\"lazy\" decoding=\"async\" class=\"alignleft size-medium wp-image-8334\" src=\"https:\/\/agora.xtec.cat\/escolalavilapalamos\/wp-content\/uploads\/usu897\/2020\/11\/unnamed-300x300.jpg\" alt=\"\" width=\"300\" height=\"300\" srcset=\"https:\/\/agora.xtec.cat\/escolalavilapalamos\/wp-content\/uploads\/usu897\/2020\/11\/unnamed-300x300.jpg 300w, https:\/\/agora.xtec.cat\/escolalavilapalamos\/wp-content\/uploads\/usu897\/2020\/11\/unnamed-150x150.jpg 150w, https:\/\/agora.xtec.cat\/escolalavilapalamos\/wp-content\/uploads\/usu897\/2020\/11\/unnamed.jpg 512w\" sizes=\"auto, (max-width: 300px) 100vw, 300px\" \/><\/a>El proper <strong>dimarts 24 de novembre a les 10:45h<\/strong> del mat\u00ed vindran del CAP de Palam\u00f3s a posar-nos les vacunes als nens i nenes de 6\u00e8. <strong>Els nois i noies han de portar el carnet de vacunes el dia de la vacunaci\u00f3.<\/strong><\/p>\n<p>El Departament de Salut administrar\u00e0 les vacunes seg\u00fcents:<\/p>\n<p>\u2013 La vacuna contra el papil\u00b7lomavirus (VPH); s\u2019administra en dues dosis i \u00fanicament a les noies.<\/p>\n<p>\u2013 La vacuna contra l\u2019hepatitis A (VHA); s\u2019administra en dues dosis.<\/p>\n<p>\u2013 La vacuna contra la varicel\u00b7la (VVZ); s\u2019administra en dues dosis als nois o noies que no hagin passat la malaltia ni hagin rebut la vacuna. En cas que el vostre fill o filla estigui vacunat amb una dosi se li\u2019n administrar\u00e0 la segona.<\/p>\n<p>\u2013 La vacuna antimeninoc\u00f2ccia C conjugada (MCC); s\u2019administra una \u00fanica dosis.<\/p>\n<p>Per a m\u00e9s informaci\u00f3 podeu consultar el\u00a0<a href=\"http:\/\/canalsalut.gencat.cat\/ca\/salut-a-z\/v\/vacunacions\/vacunacions\/\">Canal Salut del Departament de Salut<\/a>\u00a0o trucar al tel\u00e8fon 061 del CatSalut Respon.<\/p>\n<p>Us agra\u00efm per endavant la vostra col\u00b7laboraci\u00f3.\u00a0<a href=\"https:\/\/drive.google.com\/file\/d\/0B0P6-dzfPaO5a05ZcjhKa1hSZ3M\/view?usp=sharing\">Informaci\u00f3 del Departament de Salut<\/a><\/p>\n","protected":false},"excerpt":{"rendered":"<p><a href=\"https:\/\/agora.xtec.cat\/escolalavilapalamos\/wp-content\/uploads\/usu897\/2020\/11\/unnamed.jpg\"><\/a>El proper dimarts 24 de novembre a les 10:45h del mat\u00ed vindran del CAP de Palam\u00f3s a posar-nos les vacunes als nens i nenes de 6\u00e8. Els nois i noies han de portar el carnet de vacunes el dia de la vacunaci\u00f3.<br \/>\nEl Departament de&hellip;  <a href=\"https:\/\/agora.xtec.cat\/escolalavilapalamos\/general\/vacunes-a-lescola\/\" title=\"Read Vacunes a l&#8217;escola\">Llegeix m\u00e9s\u00bb<\/a><\/p>\n","protected":false},"author":1,"featured_media":8334,"comment_status":"open","ping_status":"closed","sticky":false,"template":"","format":"standard","meta":{"_bbp_topic_count":0,"_bbp_reply_count":0,"_bbp_total_topic_count":0,"_bbp_total_reply_count":0,"_bbp_voice_count":0,"_bbp_anonymous_reply_count":0,"_bbp_topic_count_hidden":0,"_bbp_reply_count_hidden":0,"_bbp_forum_subforum_count":0,"footnotes":""},"categories":[128,1,4],"tags":[],"class_list":["post-8333","post","type-post","status-publish","format-standard","has-post-thumbnail","hentry","category-comunitat-de-grans","category-general","category-portada"],"post_mailing_queue_ids":[],"_links":{"self":[{"href":"https:\/\/agora.xtec.cat\/escolalavilapalamos\/wp-json\/wp\/v2\/posts\/8333","targetHints":{"allow":["GET"]}}],"collection":[{"href":"https:\/\/agora.xtec.cat\/escolalavilapalamos\/wp-json\/wp\/v2\/posts"}],"about":[{"href":"https:\/\/agora.xtec.cat\/escolalavilapalamos\/wp-json\/wp\/v2\/types\/post"}],"author":[{"embeddable":true,"href":"https:\/\/agora.xtec.cat\/escolalavilapalamos\/wp-json\/wp\/v2\/users\/1"}],"replies":[{"embeddable":true,"href":"https:\/\/agora.xtec.cat\/escolalavilapalamos\/wp-json\/wp\/v2\/comments?post=8333"}],"version-history":[{"count":2,"href":"https:\/\/agora.xtec.cat\/escolalavilapalamos\/wp-json\/wp\/v2\/posts\/8333\/revisions"}],"predecessor-version":[{"id":8336,"href":"https:\/\/agora.xtec.cat\/escolalavilapalamos\/wp-json\/wp\/v2\/posts\/8333\/revisions\/8336"}],"wp:featuredmedia":[{"embeddable":true,"href":"https:\/\/agora.xtec.cat\/escolalavilapalamos\/wp-json\/wp\/v2\/media\/8334"}],"wp:attachment":[{"href":"https:\/\/agora.xtec.cat\/escolalavilapalamos\/wp-json\/wp\/v2\/media?parent=8333"}],"wp:term":[{"taxonomy":"category","embeddable":true,"href":"https:\/\/agora.xtec.cat\/escolalavilapalamos\/wp-json\/wp\/v2\/categories?post=8333"},{"taxonomy":"post_tag","embeddable":true,"href":"https:\/\/agora.xtec.cat\/escolalavilapalamos\/wp-json\/wp\/v2\/tags?post=8333"}],"curies":[{"name":"wp","href":"https:\/\/api.w.org\/{rel}","templated":true}]}}