{"id":8318,"date":"2020-11-20T12:59:25","date_gmt":"2020-11-20T11:59:25","guid":{"rendered":"http:\/\/agora.xtec.cat\/escolalavilapalamos\/?p=8318"},"modified":"2020-11-20T18:09:01","modified_gmt":"2020-11-20T17:09:01","slug":"cartes-cartas-letters","status":"publish","type":"post","link":"https:\/\/agora.xtec.cat\/escolalavilapalamos\/general\/cartes-cartas-letters\/","title":{"rendered":"Cartes, cartas, letters&#8230;"},"content":{"rendered":"<p><a href=\"https:\/\/agora.xtec.cat\/escolalavilapalamos\/wp-content\/uploads\/usu897\/2020\/11\/1605872987411.jpg\"><img loading=\"lazy\" decoding=\"async\" class=\" wp-image-8321 alignright\" src=\"https:\/\/agora.xtec.cat\/escolalavilapalamos\/wp-content\/uploads\/usu897\/2020\/11\/1605872987411-300x225.jpg\" alt=\"\" width=\"327\" height=\"245\" srcset=\"https:\/\/agora.xtec.cat\/escolalavilapalamos\/wp-content\/uploads\/usu897\/2020\/11\/1605872987411-300x225.jpg 300w, https:\/\/agora.xtec.cat\/escolalavilapalamos\/wp-content\/uploads\/usu897\/2020\/11\/1605872987411-768x576.jpg 768w, https:\/\/agora.xtec.cat\/escolalavilapalamos\/wp-content\/uploads\/usu897\/2020\/11\/1605872987411-1024x769.jpg 1024w, https:\/\/agora.xtec.cat\/escolalavilapalamos\/wp-content\/uploads\/usu897\/2020\/11\/1605872987411-200x150.jpg 200w, https:\/\/agora.xtec.cat\/escolalavilapalamos\/wp-content\/uploads\/usu897\/2020\/11\/1605872987411.jpg 2048w\" sizes=\"auto, (max-width: 327px) 100vw, 327px\" \/><\/a><\/p>\n<p style=\"text-align: left;\"><span style=\"font-weight: 400;\">No ens podem veure tant com abans i, a estones, ens agradaria explicar coses a alg\u00fa amb qui aquest curs no compartim classe. \u00c9s per aix\u00f2 que els primers textos que hem escrit aquest trimestre han estat destinats a algun company o companya del curs anterior. Per tant, vam recordar com s&#8217;escriu una carta, i, tot i que al principi ens oblid\u00e0vem d\u2019algunes coses\u2026 fent i desfent es fa l\u2019aprenent! Vam<\/span><span style=\"font-weight: 400;\"> acabar fent uns bons textos, explicant-nos coses ben interessants i va ser molt emocionant rebre les cartes dels nostres amics i amigues! La resposta no es va fer esperar i de seguida vam posar fil a l\u2019agulla per respondre-les.<\/span><\/p>\n<figure class=\"figure wp-caption alignleft\"><a href=\"https:\/\/agora.xtec.cat\/escolalavilapalamos\/wp-content\/uploads\/usu897\/2020\/11\/1605872910413.jpg\"><img loading=\"lazy\" decoding=\"async\" class=\"size-medium wp-image-8320\" src=\"https:\/\/agora.xtec.cat\/escolalavilapalamos\/wp-content\/uploads\/usu897\/2020\/11\/1605872910413-300x279.jpg\" alt=\"\" width=\"300\" height=\"279\" srcset=\"https:\/\/agora.xtec.cat\/escolalavilapalamos\/wp-content\/uploads\/usu897\/2020\/11\/1605872910413-300x279.jpg 300w, https:\/\/agora.xtec.cat\/escolalavilapalamos\/wp-content\/uploads\/usu897\/2020\/11\/1605872910413-768x714.jpg 768w, https:\/\/agora.xtec.cat\/escolalavilapalamos\/wp-content\/uploads\/usu897\/2020\/11\/1605872910413-1024x952.jpg 1024w, https:\/\/agora.xtec.cat\/escolalavilapalamos\/wp-content\/uploads\/usu897\/2020\/11\/1605872910413.jpg 2048w\" sizes=\"auto, (max-width: 300px) 100vw, 300px\" \/><\/a><figcaption class=\"wp-caption-text\">Comencem amb l&#8217;esborrany, revisem i&#8230; passem a net!<\/figcaption><\/figure>\n<p style=\"text-align: left;\"><span style=\"font-weight: 400;\">Ens hem escrit en Catal\u00e0, Castell\u00e0 i\u2026 SORPRESA! Aquest any ens hem posat en contacte amb una escola italiana de Borgoforte (Llombardia) per poder utilitzar l\u2019angl\u00e8s com a llengua de comunicaci\u00f3. Per comen\u00e7ar, ens hem presentat, hem explicat com \u00e9s el nostre poble i ja tenim al forn les primeres cartes en angl\u00e8s per fer nous amics en un altre pa\u00eds. Esperem que arribin a bon port i tenir la seva resposta ben aviat!<\/span><\/p>\n<p>&nbsp;<\/p>\n<p>&nbsp;<\/p>\n<p>&nbsp;<\/p>\n","protected":false},"excerpt":{"rendered":"<p><a href=\"https:\/\/agora.xtec.cat\/escolalavilapalamos\/wp-content\/uploads\/usu897\/2020\/11\/1605872987411.jpg\"><\/a><br \/>\nNo ens podem veure tant com abans i, a estones, ens agradaria explicar coses a alg\u00fa amb qui aquest curs no compartim classe. \u00c9s per aix\u00f2 que els primers textos que hem escrit aquest trimestre han estat destinats a algun company o companya del&hellip;  <a href=\"https:\/\/agora.xtec.cat\/escolalavilapalamos\/general\/cartes-cartas-letters\/\" title=\"Read Cartes, cartas, letters&#8230;\">Llegeix m\u00e9s\u00bb<\/a><\/p>\n","protected":false},"author":132,"featured_media":8321,"comment_status":"open","ping_status":"closed","sticky":false,"template":"","format":"standard","meta":{"_bbp_topic_count":0,"_bbp_reply_count":0,"_bbp_total_topic_count":0,"_bbp_total_reply_count":0,"_bbp_voice_count":0,"_bbp_anonymous_reply_count":0,"_bbp_topic_count_hidden":0,"_bbp_reply_count_hidden":0,"_bbp_forum_subforum_count":0,"footnotes":""},"categories":[15,128,69,67,1,4,5],"tags":[],"class_list":["post-8318","post","type-post","status-publish","format-standard","has-post-thumbnail","hentry","category-6e","category-comunitat-de-grans","category-english","category-especialistes","category-general","category-portada","category-primaria"],"post_mailing_queue_ids":[],"_links":{"self":[{"href":"https:\/\/agora.xtec.cat\/escolalavilapalamos\/wp-json\/wp\/v2\/posts\/8318","targetHints":{"allow":["GET"]}}],"collection":[{"href":"https:\/\/agora.xtec.cat\/escolalavilapalamos\/wp-json\/wp\/v2\/posts"}],"about":[{"href":"https:\/\/agora.xtec.cat\/escolalavilapalamos\/wp-json\/wp\/v2\/types\/post"}],"author":[{"embeddable":true,"href":"https:\/\/agora.xtec.cat\/escolalavilapalamos\/wp-json\/wp\/v2\/users\/132"}],"replies":[{"embeddable":true,"href":"https:\/\/agora.xtec.cat\/escolalavilapalamos\/wp-json\/wp\/v2\/comments?post=8318"}],"version-history":[{"count":5,"href":"https:\/\/agora.xtec.cat\/escolalavilapalamos\/wp-json\/wp\/v2\/posts\/8318\/revisions"}],"predecessor-version":[{"id":8332,"href":"https:\/\/agora.xtec.cat\/escolalavilapalamos\/wp-json\/wp\/v2\/posts\/8318\/revisions\/8332"}],"wp:featuredmedia":[{"embeddable":true,"href":"https:\/\/agora.xtec.cat\/escolalavilapalamos\/wp-json\/wp\/v2\/media\/8321"}],"wp:attachment":[{"href":"https:\/\/agora.xtec.cat\/escolalavilapalamos\/wp-json\/wp\/v2\/media?parent=8318"}],"wp:term":[{"taxonomy":"category","embeddable":true,"href":"https:\/\/agora.xtec.cat\/escolalavilapalamos\/wp-json\/wp\/v2\/categories?post=8318"},{"taxonomy":"post_tag","embeddable":true,"href":"https:\/\/agora.xtec.cat\/escolalavilapalamos\/wp-json\/wp\/v2\/tags?post=8318"}],"curies":[{"name":"wp","href":"https:\/\/api.w.org\/{rel}","templated":true}]}}