{"id":8299,"date":"2020-11-19T16:10:48","date_gmt":"2020-11-19T15:10:48","guid":{"rendered":"http:\/\/agora.xtec.cat\/escolalavilapalamos\/?p=8299"},"modified":"2020-11-20T13:55:07","modified_gmt":"2020-11-20T12:55:07","slug":"nou-telefon-de-comunicacio-amb-lescola","status":"publish","type":"post","link":"https:\/\/agora.xtec.cat\/escolalavilapalamos\/general\/nou-telefon-de-comunicacio-amb-lescola\/","title":{"rendered":"Nou tel\u00e8fon de comunicaci\u00f3 amb l&#8217;escola"},"content":{"rendered":"<p>Benvolgudes fam\u00edlies, <a href=\"https:\/\/agora.xtec.cat\/escolalavilapalamos\/wp-content\/uploads\/usu897\/2020\/11\/Xiaomi-Smartphone-Redmi-Note-9-versi-n-Global-pantalla-t-ctil-de-6-53-pulgadas-5020mAh.jpg_q50.gif\"><img loading=\"lazy\" decoding=\"async\" class=\"wp-image-8300 alignleft\" src=\"https:\/\/agora.xtec.cat\/escolalavilapalamos\/wp-content\/uploads\/usu897\/2020\/11\/Xiaomi-Smartphone-Redmi-Note-9-versi-n-Global-pantalla-t-ctil-de-6-53-pulgadas-5020mAh.jpg_q50.gif\" alt=\"\" width=\"355\" height=\"355\" \/><\/a><\/p>\n<p><span style=\"color: #000000;\">a partir d&#8217;avui tenim <strong>un nou tel\u00e8fon de comunicaci\u00f3 amb l&#8217;Escola La Vila.<\/strong> <\/span><\/p>\n<h4><span style=\"color: #000080;\">El n\u00famero \u00e9s el 634765017. <\/span><\/h4>\n<h4><span style=\"color: #000080;\">Horari de dilluns a divendres de 8 a 16h <\/span><\/h4>\n<p>Recordeu que tamb\u00e9 ens podeu trucar al tel\u00e8fon fixa <strong>972314344<\/strong><\/p>\n<p>o podeu enviar les vostres consultes al correu <a href=\"mailto:b7002569@xtec.cat\">b7002569@xtec.cat<\/a><\/p>\n","protected":false},"excerpt":{"rendered":"<p>Benvolgudes fam\u00edlies, <a href=\"https:\/\/agora.xtec.cat\/escolalavilapalamos\/wp-content\/uploads\/usu897\/2020\/11\/Xiaomi-Smartphone-Redmi-Note-9-versi-n-Global-pantalla-t-ctil-de-6-53-pulgadas-5020mAh.jpg_q50.gif\"><\/a><br \/>\na partir d&#8217;avui tenim un nou tel\u00e8fon de comunicaci\u00f3 amb l&#8217;Escola La Vila.<br \/>\nEl n\u00famero \u00e9s el 634765017.<br \/>\nHorari de dilluns a divendres de 8 a 16h<br \/>\nRecordeu que tamb\u00e9 ens podeu trucar al tel\u00e8fon fixa 972314344<br \/>\no podeu enviar les vostres consultes&hellip;  <a href=\"https:\/\/agora.xtec.cat\/escolalavilapalamos\/general\/nou-telefon-de-comunicacio-amb-lescola\/\" title=\"Read Nou tel\u00e8fon de comunicaci\u00f3 amb l&#8217;escola\">Llegeix m\u00e9s\u00bb<\/a><\/p>\n","protected":false},"author":1,"featured_media":8300,"comment_status":"open","ping_status":"closed","sticky":false,"template":"","format":"standard","meta":{"_bbp_topic_count":0,"_bbp_reply_count":0,"_bbp_total_topic_count":0,"_bbp_total_reply_count":0,"_bbp_voice_count":0,"_bbp_anonymous_reply_count":0,"_bbp_topic_count_hidden":0,"_bbp_reply_count_hidden":0,"_bbp_forum_subforum_count":0,"footnotes":""},"categories":[1,4],"tags":[],"class_list":["post-8299","post","type-post","status-publish","format-standard","has-post-thumbnail","hentry","category-general","category-portada"],"post_mailing_queue_ids":[],"_links":{"self":[{"href":"https:\/\/agora.xtec.cat\/escolalavilapalamos\/wp-json\/wp\/v2\/posts\/8299","targetHints":{"allow":["GET"]}}],"collection":[{"href":"https:\/\/agora.xtec.cat\/escolalavilapalamos\/wp-json\/wp\/v2\/posts"}],"about":[{"href":"https:\/\/agora.xtec.cat\/escolalavilapalamos\/wp-json\/wp\/v2\/types\/post"}],"author":[{"embeddable":true,"href":"https:\/\/agora.xtec.cat\/escolalavilapalamos\/wp-json\/wp\/v2\/users\/1"}],"replies":[{"embeddable":true,"href":"https:\/\/agora.xtec.cat\/escolalavilapalamos\/wp-json\/wp\/v2\/comments?post=8299"}],"version-history":[{"count":1,"href":"https:\/\/agora.xtec.cat\/escolalavilapalamos\/wp-json\/wp\/v2\/posts\/8299\/revisions"}],"predecessor-version":[{"id":8301,"href":"https:\/\/agora.xtec.cat\/escolalavilapalamos\/wp-json\/wp\/v2\/posts\/8299\/revisions\/8301"}],"wp:featuredmedia":[{"embeddable":true,"href":"https:\/\/agora.xtec.cat\/escolalavilapalamos\/wp-json\/wp\/v2\/media\/8300"}],"wp:attachment":[{"href":"https:\/\/agora.xtec.cat\/escolalavilapalamos\/wp-json\/wp\/v2\/media?parent=8299"}],"wp:term":[{"taxonomy":"category","embeddable":true,"href":"https:\/\/agora.xtec.cat\/escolalavilapalamos\/wp-json\/wp\/v2\/categories?post=8299"},{"taxonomy":"post_tag","embeddable":true,"href":"https:\/\/agora.xtec.cat\/escolalavilapalamos\/wp-json\/wp\/v2\/tags?post=8299"}],"curies":[{"name":"wp","href":"https:\/\/api.w.org\/{rel}","templated":true}]}}