{"id":8276,"date":"2020-12-10T15:20:19","date_gmt":"2020-12-10T14:20:19","guid":{"rendered":"http:\/\/agora.xtec.cat\/escolalavilapalamos\/?p=8276"},"modified":"2020-12-10T15:51:18","modified_gmt":"2020-12-10T14:51:18","slug":"hi-ha-aigua-a-la-lluna","status":"publish","type":"post","link":"https:\/\/agora.xtec.cat\/escolalavilapalamos\/general\/hi-ha-aigua-a-la-lluna\/","title":{"rendered":"Hi ha aigua a la Lluna ?"},"content":{"rendered":"<p class=\"tw-data-text tw-text-large XcVN5d tw-ta\" data-placeholder=\"Traducci\u00f3n\"><span lang=\"ca\"><a href=\"https:\/\/agora.xtec.cat\/escolalavilapalamos\/wp-content\/uploads\/usu897\/2020\/12\/16037308306304.jpg\"><img loading=\"lazy\" decoding=\"async\" class=\"size-medium wp-image-8623 alignright\" src=\"https:\/\/agora.xtec.cat\/escolalavilapalamos\/wp-content\/uploads\/usu897\/2020\/12\/16037308306304-300x169.jpg\" alt=\"\" width=\"300\" height=\"169\" srcset=\"https:\/\/agora.xtec.cat\/escolalavilapalamos\/wp-content\/uploads\/usu897\/2020\/12\/16037308306304-300x169.jpg 300w, https:\/\/agora.xtec.cat\/escolalavilapalamos\/wp-content\/uploads\/usu897\/2020\/12\/16037308306304.jpg 660w\" sizes=\"auto, (max-width: 300px) 100vw, 300px\" \/><\/a>L&#8217;ag\u00e8ncia espacial nord-americana ha assegurat que la Lluna cont\u00e9 aigua gelada, segons noves dades inequ\u00edvocs de detecci\u00f3, i en la seva superf\u00edcie hi ha nombrosos cr\u00e0ters, fins i tot molt petits, <\/span><span lang=\"ca\">als quals mai arriba la llum solar, on aquesta podria estar atrapada de manera estable , el que pot tenir aigua lunar.<\/span><\/p>\n<p class=\"tw-data-text tw-text-large XcVN5d tw-ta\" data-placeholder=\"Traducci\u00f3n\"><span lang=\"ca\">L&#8217;aigua lunar \u00e9s aigua que est\u00e0 present en la Lluna. L&#8217;aigua l\u00edquida no pot persistir en la superf\u00edcie de la Lluna, i el vapor d&#8217;aigua \u00e9s descompost per la llum solar, amb hidrogen r\u00e0pidament perdut en l&#8217;espai exterior. No obstant aix\u00f2, des de la d\u00e8cada de 1960 els cient\u00edfics han conjecturat que el gel d&#8217;aigua podria sobreviure en cr\u00e0ters freds i permanentment ombrejats en els pols de la Lluna. Les mol\u00e8cules d&#8217;aigua tamb\u00e9 es detecten a la fina capa de gasos per sobre de la superf\u00edcie lunar.<\/span><\/p>\n<p class=\"tw-data-text tw-text-large XcVN5d tw-ta\" data-placeholder=\"Traducci\u00f3n\"><span lang=\"ca\">M\u00e9s informaci\u00f3 a:\u00a0<\/span><a href=\"https:\/\/co.marca.com\/claro\/trending\/2020\/10\/26\/5f96fbd946163fc3958b45da.html\">La NASA asegura que hay agua en la Luna<\/a><\/p>\n<p><iframe loading=\"lazy\" src=\"\/\/www.youtube.com\/embed\/juMJ36OqvoM\" width=\"560\" height=\"314\"><\/iframe><\/p>\n<p>ADRIANA VARGAS i\u00a0 YASMIN MOYA<\/p>\n","protected":false},"excerpt":{"rendered":"<p><a href=\"https:\/\/agora.xtec.cat\/escolalavilapalamos\/wp-content\/uploads\/usu897\/2020\/12\/16037308306304.jpg\"><\/a>L&#8217;ag\u00e8ncia espacial nord-americana ha assegurat que la Lluna cont\u00e9 aigua gelada, segons noves dades inequ\u00edvocs de detecci\u00f3, i en la seva superf\u00edcie hi ha nombrosos cr\u00e0ters, fins i tot molt petits, als quals mai arriba la llum solar, on aquesta podria estar atrapada de&hellip;  <a href=\"https:\/\/agora.xtec.cat\/escolalavilapalamos\/general\/hi-ha-aigua-a-la-lluna\/\" title=\"Read Hi ha aigua a la Lluna ?\">Llegeix m\u00e9s\u00bb<\/a><\/p>\n","protected":false},"author":171,"featured_media":8623,"comment_status":"open","ping_status":"closed","sticky":false,"template":"","format":"standard","meta":{"_bbp_topic_count":0,"_bbp_reply_count":0,"_bbp_total_topic_count":0,"_bbp_total_reply_count":0,"_bbp_voice_count":0,"_bbp_anonymous_reply_count":0,"_bbp_topic_count_hidden":0,"_bbp_reply_count_hidden":0,"_bbp_forum_subforum_count":0,"footnotes":""},"categories":[1,131],"tags":[],"class_list":["post-8276","post","type-post","status-publish","format-standard","has-post-thumbnail","hentry","category-general","category-setmana-de-la-ciencia"],"post_mailing_queue_ids":[],"_links":{"self":[{"href":"https:\/\/agora.xtec.cat\/escolalavilapalamos\/wp-json\/wp\/v2\/posts\/8276","targetHints":{"allow":["GET"]}}],"collection":[{"href":"https:\/\/agora.xtec.cat\/escolalavilapalamos\/wp-json\/wp\/v2\/posts"}],"about":[{"href":"https:\/\/agora.xtec.cat\/escolalavilapalamos\/wp-json\/wp\/v2\/types\/post"}],"author":[{"embeddable":true,"href":"https:\/\/agora.xtec.cat\/escolalavilapalamos\/wp-json\/wp\/v2\/users\/171"}],"replies":[{"embeddable":true,"href":"https:\/\/agora.xtec.cat\/escolalavilapalamos\/wp-json\/wp\/v2\/comments?post=8276"}],"version-history":[{"count":3,"href":"https:\/\/agora.xtec.cat\/escolalavilapalamos\/wp-json\/wp\/v2\/posts\/8276\/revisions"}],"predecessor-version":[{"id":8624,"href":"https:\/\/agora.xtec.cat\/escolalavilapalamos\/wp-json\/wp\/v2\/posts\/8276\/revisions\/8624"}],"wp:featuredmedia":[{"embeddable":true,"href":"https:\/\/agora.xtec.cat\/escolalavilapalamos\/wp-json\/wp\/v2\/media\/8623"}],"wp:attachment":[{"href":"https:\/\/agora.xtec.cat\/escolalavilapalamos\/wp-json\/wp\/v2\/media?parent=8276"}],"wp:term":[{"taxonomy":"category","embeddable":true,"href":"https:\/\/agora.xtec.cat\/escolalavilapalamos\/wp-json\/wp\/v2\/categories?post=8276"},{"taxonomy":"post_tag","embeddable":true,"href":"https:\/\/agora.xtec.cat\/escolalavilapalamos\/wp-json\/wp\/v2\/tags?post=8276"}],"curies":[{"name":"wp","href":"https:\/\/api.w.org\/{rel}","templated":true}]}}