{"id":8271,"date":"2020-12-13T18:12:12","date_gmt":"2020-12-13T17:12:12","guid":{"rendered":"http:\/\/agora.xtec.cat\/escolalavilapalamos\/?p=8271"},"modified":"2020-12-17T15:13:40","modified_gmt":"2020-12-17T14:13:40","slug":"catalunya-tindra-una-agencia-espacial","status":"publish","type":"post","link":"https:\/\/agora.xtec.cat\/escolalavilapalamos\/general\/catalunya-tindra-una-agencia-espacial\/","title":{"rendered":"Catalunya tindr\u00e0 una ag\u00e8ncia espacial"},"content":{"rendered":"<p><a href=\"https:\/\/agora.xtec.cat\/escolalavilapalamos\/wp-content\/uploads\/usu897\/2020\/12\/1603814202_409809_1603816174_noticia_normal_recorte1.jpg\"><img loading=\"lazy\" decoding=\"async\" class=\"alignleft size-medium wp-image-8732\" src=\"https:\/\/agora.xtec.cat\/escolalavilapalamos\/wp-content\/uploads\/usu897\/2020\/12\/1603814202_409809_1603816174_noticia_normal_recorte1-300x175.jpg\" alt=\"\" width=\"300\" height=\"175\" srcset=\"https:\/\/agora.xtec.cat\/escolalavilapalamos\/wp-content\/uploads\/usu897\/2020\/12\/1603814202_409809_1603816174_noticia_normal_recorte1-300x175.jpg 300w, https:\/\/agora.xtec.cat\/escolalavilapalamos\/wp-content\/uploads\/usu897\/2020\/12\/1603814202_409809_1603816174_noticia_normal_recorte1-768x447.jpg 768w, https:\/\/agora.xtec.cat\/escolalavilapalamos\/wp-content\/uploads\/usu897\/2020\/12\/1603814202_409809_1603816174_noticia_normal_recorte1-1024x596.jpg 1024w, https:\/\/agora.xtec.cat\/escolalavilapalamos\/wp-content\/uploads\/usu897\/2020\/12\/1603814202_409809_1603816174_noticia_normal_recorte1.jpg 1960w\" sizes=\"auto, (max-width: 300px) 100vw, 300px\" \/><\/a>La not\u00edcia de la iniciativa del <strong>Govern de Catalunya<\/strong> de crear una agencia espacial propia nombrada: <strong>Agencia Espacial de Catalunya,<\/strong> projecte en el que invertir\u00e0 18 milions d&#8217;euros aquest any i el que ve per posar en \u00f2rbita dos <strong>nano-sat\u00e9lits,<\/strong> en el que ha sigut criticada\u00a0 ampliament per l&#8217;oposici\u00f3 .<\/p>\n<p>&#8220;El nostre objectiu \u00e9s convertir Catalunya en un pa\u00eds digital, no nom\u00e9s com a consumidor sin\u00f3 tamb\u00e9 com a productor de tecnologies digitals&#8221;, ha assegurat en declaracions a la premsa\u00a0<a href=\"https:\/\/cat.elpais.com\/tag\/jordi_puignero_ferrer\/a\/\">el conseller de Pol\u00edtiques Digitals i Administraci\u00f3 P\u00fablica, Jordi Puigner\u00f3<\/a>.<\/p>\n<p>Les primeres iniciatives que portar\u00e0 a terme la Generalitat s\u00f3n la creaci\u00f3 de l&#8217;ag\u00e8ncia espacial de Catalunya, un instrument que considera necessari per desplegar les pol\u00edtiques d&#8217;aquest sector, i el llan\u00e7ament de dos nanosat\u00e8l\u00b7lits, als quals se&#8217;n sumaran d&#8217;altres fins a crear en quatre anys &#8220;una constel\u00b7laci\u00f3&#8221;, integrada per mitja dotzena. De fet, el Govern ja ha posat en marxa la licitaci\u00f3 de la fabricaci\u00f3 d&#8217;aquests dos sat\u00e8l\u00b7lits, que serviran per &#8220;generar dades que posarem a disposici\u00f3 de la ind\u00fastria&#8221;, i impulsar aix\u00ed un sector que Puigner\u00f3 ha anomenat &#8220;la nova economia de l&#8217;espai&#8221;.<\/p>\n<p>BERTA GARC\u00cdA-ARANDA i IRENE PEDRE\u00d1O<\/p>\n<p>&nbsp;<\/p>\n<p>&nbsp;<\/p>\n","protected":false},"excerpt":{"rendered":"<p><a href=\"https:\/\/agora.xtec.cat\/escolalavilapalamos\/wp-content\/uploads\/usu897\/2020\/12\/1603814202_409809_1603816174_noticia_normal_recorte1.jpg\"><\/a>La not\u00edcia de la iniciativa del Govern de Catalunya de crear una agencia espacial propia nombrada: Agencia Espacial de Catalunya, projecte en el que invertir\u00e0 18 milions d&#8217;euros aquest any i el que ve per posar en \u00f2rbita dos nano-sat\u00e9lits, en el que ha&hellip;  <a href=\"https:\/\/agora.xtec.cat\/escolalavilapalamos\/general\/catalunya-tindra-una-agencia-espacial\/\" title=\"Read Catalunya tindr\u00e0 una ag\u00e8ncia espacial\">Llegeix m\u00e9s\u00bb<\/a><\/p>\n","protected":false},"author":171,"featured_media":8732,"comment_status":"open","ping_status":"closed","sticky":false,"template":"","format":"standard","meta":{"_bbp_topic_count":0,"_bbp_reply_count":0,"_bbp_total_topic_count":0,"_bbp_total_reply_count":0,"_bbp_voice_count":0,"_bbp_anonymous_reply_count":0,"_bbp_topic_count_hidden":0,"_bbp_reply_count_hidden":0,"_bbp_forum_subforum_count":0,"footnotes":""},"categories":[1,131],"tags":[],"class_list":["post-8271","post","type-post","status-publish","format-standard","has-post-thumbnail","hentry","category-general","category-setmana-de-la-ciencia"],"post_mailing_queue_ids":[],"_links":{"self":[{"href":"https:\/\/agora.xtec.cat\/escolalavilapalamos\/wp-json\/wp\/v2\/posts\/8271","targetHints":{"allow":["GET"]}}],"collection":[{"href":"https:\/\/agora.xtec.cat\/escolalavilapalamos\/wp-json\/wp\/v2\/posts"}],"about":[{"href":"https:\/\/agora.xtec.cat\/escolalavilapalamos\/wp-json\/wp\/v2\/types\/post"}],"author":[{"embeddable":true,"href":"https:\/\/agora.xtec.cat\/escolalavilapalamos\/wp-json\/wp\/v2\/users\/171"}],"replies":[{"embeddable":true,"href":"https:\/\/agora.xtec.cat\/escolalavilapalamos\/wp-json\/wp\/v2\/comments?post=8271"}],"version-history":[{"count":3,"href":"https:\/\/agora.xtec.cat\/escolalavilapalamos\/wp-json\/wp\/v2\/posts\/8271\/revisions"}],"predecessor-version":[{"id":8763,"href":"https:\/\/agora.xtec.cat\/escolalavilapalamos\/wp-json\/wp\/v2\/posts\/8271\/revisions\/8763"}],"wp:featuredmedia":[{"embeddable":true,"href":"https:\/\/agora.xtec.cat\/escolalavilapalamos\/wp-json\/wp\/v2\/media\/8732"}],"wp:attachment":[{"href":"https:\/\/agora.xtec.cat\/escolalavilapalamos\/wp-json\/wp\/v2\/media?parent=8271"}],"wp:term":[{"taxonomy":"category","embeddable":true,"href":"https:\/\/agora.xtec.cat\/escolalavilapalamos\/wp-json\/wp\/v2\/categories?post=8271"},{"taxonomy":"post_tag","embeddable":true,"href":"https:\/\/agora.xtec.cat\/escolalavilapalamos\/wp-json\/wp\/v2\/tags?post=8271"}],"curies":[{"name":"wp","href":"https:\/\/api.w.org\/{rel}","templated":true}]}}