{"id":8264,"date":"2020-12-13T18:07:39","date_gmt":"2020-12-13T17:07:39","guid":{"rendered":"http:\/\/agora.xtec.cat\/escolalavilapalamos\/?p=8264"},"modified":"2020-12-13T18:10:47","modified_gmt":"2020-12-13T17:10:47","slug":"pluto-ja-no-es-considera-un-planeta","status":"publish","type":"post","link":"https:\/\/agora.xtec.cat\/escolalavilapalamos\/general\/pluto-ja-no-es-considera-un-planeta\/","title":{"rendered":"Plut\u00f3 ja no es considera un planeta"},"content":{"rendered":"<p>Per qu\u00e8 Plut\u00f3 ja no \u00e9s un planeta?<img loading=\"lazy\" decoding=\"async\" class=\"alignleft\" src=\"https:\/\/m.ara.cat\/2015\/07\/13\/societat\/Imatge-New-Horizons-quilometres-NASA_1393070851_22529137_651x366.jpg\" alt=\"La sonda New Horizons sobrevolar\u00e0 Plut\u00f3 dimarts, despr\u00e9s de nou anys i mig de viatge\" width=\"395\" height=\"222\" \/> Als cient\u00edfics no els hi agradaven que el planeta Plut\u00f3 fos el m\u00e9s petit de la gal\u00e0xia.<\/p>\n<p>\u00c9s el planeta m\u00e9s <span lang=\"ca\">allunyat del sol. <\/span>Plut\u00f3 es va descobrir en el 18 de febrer de 1930. En Clyde Tombaugh va descobrir plut\u00f3.<\/p>\n<p>Dades sobre plut\u00f3: a plut\u00f3 fa 230\u00ba. Es compon principalment de roques i gel de met\u00e0 per\u00f2 tamb\u00e9 de gel d&#8217;aigua.El seu di\u00e0metre \u00e9s aproximadament 1207km de la Lluna.<\/p>\n<p>El 20 de juliol del 2011, la Nasa anunci\u00e0 que el telescopi espacial, havia identificat un quart sat\u00e8l\u00b7lit de Plut\u00f3,<\/p>\n<p id=\"tw-target-text\" class=\"tw-data-text tw-text-large XcVN5d tw-ta\" dir=\"ltr\" data-placeholder=\"Traducci\u00f3n\"><span lang=\"ca\">Resultat d&#8217;imatge de com \u00e9s l&#8217;orbita de pluto Plut\u00f3 t\u00e9 l&#8217;\u00f2rbita m\u00e9s exc\u00e8ntrica de tots els planetes.<br \/>\nLa seva \u00f2rbita el porta a 49.5 UA (7.4 mil milions de quil\u00f2metres)en el punt m\u00e9s remot de el sol,<br \/>\ni tan a prop com a 29 UA (4340000000 quil\u00f2metres) de el sol al m\u00e9s proper.<\/span><\/p>\n<p id=\"tw-target-text\" class=\"tw-data-text tw-text-large XcVN5d tw-ta\" dir=\"ltr\" data-placeholder=\"Traducci\u00f3n\"><span lang=\"ca\">En el seu moment m\u00e9s c\u00e0lid, quan es troba m\u00e9s a prop de el Sol, Plut\u00f3 pot arribar a temperatures de menys 223 graus Celsius. &#8230;<\/span><\/p>\n<p class=\"tw-data-text tw-text-large XcVN5d tw-ta\" dir=\"ltr\" data-placeholder=\"Traducci\u00f3n\"><span lang=\"ca\">A mesura que <a href=\"https:\/\/ca.wikipedia.org\/wiki\/(134340)_Plut%C3%B3\">Plut\u00f3<\/a> s&#8217;allunya de el Sol, els gasos es tornen a congelar i l&#8217;atmosfera desapareix<br \/>\nper complet. <\/span><a href=\"https:\/\/ca.wikipedia.org\/wiki\/Geologia_de_Plut%C3%B3\">La geologia de Plut\u00f3<\/a><b>\u00a0<\/b>\u00a0consisteix en les caracter\u00edstiques de la superf\u00edcie, escor\u00e7a, i interior de Plut\u00f3<\/p>\n<p><strong>Marc Pozo\u00a0 i\u00a0 Aitor Chica<br \/>\n<\/strong><\/p>\n<p><iframe loading=\"lazy\" src=\"\/\/www.youtube.com\/embed\/ZUI9egonXeM\" width=\"560\" height=\"314\"><\/iframe><\/p>\n","protected":false},"excerpt":{"rendered":"<p>Per qu\u00e8 Plut\u00f3 ja no \u00e9s un planeta? Als cient\u00edfics no els hi agradaven que el planeta Plut\u00f3 fos el m\u00e9s petit de la gal\u00e0xia.<br \/>\n\u00c9s el planeta m\u00e9s allunyat del sol. Plut\u00f3 es va descobrir en el 18 de febrer de 1930. En Clyde Tombaugh&hellip;  <a href=\"https:\/\/agora.xtec.cat\/escolalavilapalamos\/general\/pluto-ja-no-es-considera-un-planeta\/\" title=\"Read Plut\u00f3 ja no es considera un planeta\">Llegeix m\u00e9s\u00bb<\/a><\/p>\n","protected":false},"author":171,"featured_media":8730,"comment_status":"open","ping_status":"closed","sticky":false,"template":"","format":"standard","meta":{"_bbp_topic_count":0,"_bbp_reply_count":0,"_bbp_total_topic_count":0,"_bbp_total_reply_count":0,"_bbp_voice_count":0,"_bbp_anonymous_reply_count":0,"_bbp_topic_count_hidden":0,"_bbp_reply_count_hidden":0,"_bbp_forum_subforum_count":0,"footnotes":""},"categories":[1,131],"tags":[],"class_list":["post-8264","post","type-post","status-publish","format-standard","has-post-thumbnail","hentry","category-general","category-setmana-de-la-ciencia"],"post_mailing_queue_ids":[],"_links":{"self":[{"href":"https:\/\/agora.xtec.cat\/escolalavilapalamos\/wp-json\/wp\/v2\/posts\/8264","targetHints":{"allow":["GET"]}}],"collection":[{"href":"https:\/\/agora.xtec.cat\/escolalavilapalamos\/wp-json\/wp\/v2\/posts"}],"about":[{"href":"https:\/\/agora.xtec.cat\/escolalavilapalamos\/wp-json\/wp\/v2\/types\/post"}],"author":[{"embeddable":true,"href":"https:\/\/agora.xtec.cat\/escolalavilapalamos\/wp-json\/wp\/v2\/users\/171"}],"replies":[{"embeddable":true,"href":"https:\/\/agora.xtec.cat\/escolalavilapalamos\/wp-json\/wp\/v2\/comments?post=8264"}],"version-history":[{"count":3,"href":"https:\/\/agora.xtec.cat\/escolalavilapalamos\/wp-json\/wp\/v2\/posts\/8264\/revisions"}],"predecessor-version":[{"id":8729,"href":"https:\/\/agora.xtec.cat\/escolalavilapalamos\/wp-json\/wp\/v2\/posts\/8264\/revisions\/8729"}],"wp:featuredmedia":[{"embeddable":true,"href":"https:\/\/agora.xtec.cat\/escolalavilapalamos\/wp-json\/wp\/v2\/media\/8730"}],"wp:attachment":[{"href":"https:\/\/agora.xtec.cat\/escolalavilapalamos\/wp-json\/wp\/v2\/media?parent=8264"}],"wp:term":[{"taxonomy":"category","embeddable":true,"href":"https:\/\/agora.xtec.cat\/escolalavilapalamos\/wp-json\/wp\/v2\/categories?post=8264"},{"taxonomy":"post_tag","embeddable":true,"href":"https:\/\/agora.xtec.cat\/escolalavilapalamos\/wp-json\/wp\/v2\/tags?post=8264"}],"curies":[{"name":"wp","href":"https:\/\/api.w.org\/{rel}","templated":true}]}}