{"id":8255,"date":"2020-11-23T09:30:19","date_gmt":"2020-11-23T08:30:19","guid":{"rendered":"http:\/\/agora.xtec.cat\/escolalavilapalamos\/?p=8255"},"modified":"2020-11-25T11:57:13","modified_gmt":"2020-11-25T10:57:13","slug":"cros-escolar-2020","status":"publish","type":"post","link":"https:\/\/agora.xtec.cat\/escolalavilapalamos\/general\/cros-escolar-2020\/","title":{"rendered":"Cros escolar 2020"},"content":{"rendered":"<p><a href=\"https:\/\/agora.xtec.cat\/escolalavilapalamos\/wp-content\/uploads\/usu897\/2020\/11\/POSTER-CROS-2020-LA-VILA.jpg\"><img loading=\"lazy\" decoding=\"async\" class=\"wp-image-8337 alignright\" src=\"https:\/\/agora.xtec.cat\/escolalavilapalamos\/wp-content\/uploads\/usu897\/2020\/11\/POSTER-CROS-2020-LA-VILA-724x1024.jpg\" alt=\"\" width=\"336\" height=\"475\" srcset=\"https:\/\/agora.xtec.cat\/escolalavilapalamos\/wp-content\/uploads\/usu897\/2020\/11\/POSTER-CROS-2020-LA-VILA-724x1024.jpg 724w, https:\/\/agora.xtec.cat\/escolalavilapalamos\/wp-content\/uploads\/usu897\/2020\/11\/POSTER-CROS-2020-LA-VILA-212x300.jpg 212w, https:\/\/agora.xtec.cat\/escolalavilapalamos\/wp-content\/uploads\/usu897\/2020\/11\/POSTER-CROS-2020-LA-VILA-768x1086.jpg 768w\" sizes=\"auto, (max-width: 336px) 100vw, 336px\" \/><\/a>Arribem a una nova edici\u00f3 del <strong>Cros escolar<\/strong>, enguany des de l&#8217;Ajuntament amb col\u00b7laboraci\u00f3 de l&#8217;escola s&#8217;ha organitzat amb tot un seguit\u00a0 de canvis que garanteixin els protocols de seguretat per a tots els participants.<\/p>\n<p>Aquest any <strong>el Cros escolar es celebrar\u00e0 de forma interna a l&#8217;escola,<\/strong> concretament a trav\u00e9s dels espais exteriors on es marcar\u00e0 un circuit que l&#8217;alumnat haur\u00e0 de realitzar.<\/p>\n<p>Qu\u00e8 cal portar per aquell dia?<\/p>\n<ul>\n<li>Roba i cal\u00e7at esportiu.<\/li>\n<li>Ampolla d&#8217;aigua<\/li>\n<\/ul>\n<p>Qui participar\u00e0?<\/p>\n<ul>\n<li>De P5 fins a 6\u00e8 de prim\u00e0ria<\/li>\n<\/ul>\n<p>Quins dies es far\u00e0?<\/p>\n<ul>\n<li>Dilluns 30 de novembre a les 9:15 h P5<\/li>\n<li>Dilluns 30 de novembre a les 14:30 h 1r i 2n<\/li>\n<li>Dimarts 1 de desembre a les 14:30 h 3r i 4t<\/li>\n<li>Dijous 3 de desembre a les 14:30 h 5\u00e8 i 6\u00e8<\/li>\n<\/ul>\n<p>Entre tots i totes farem del Cros escolar una festa de l&#8217;esport!<\/p>\n","protected":false},"excerpt":{"rendered":"<p><a href=\"https:\/\/agora.xtec.cat\/escolalavilapalamos\/wp-content\/uploads\/usu897\/2020\/11\/POSTER-CROS-2020-LA-VILA.jpg\"><\/a>Arribem a una nova edici\u00f3 del Cros escolar, enguany des de l&#8217;Ajuntament amb col\u00b7laboraci\u00f3 de l&#8217;escola s&#8217;ha organitzat amb tot un seguit\u00a0 de canvis que garanteixin els protocols de seguretat per a tots els participants.<br \/>\nAquest any el Cros escolar es celebrar\u00e0 de forma interna&hellip;  <a href=\"https:\/\/agora.xtec.cat\/escolalavilapalamos\/general\/cros-escolar-2020\/\" title=\"Read Cros escolar 2020\">Llegeix m\u00e9s\u00bb<\/a><\/p>\n","protected":false},"author":167,"featured_media":8337,"comment_status":"open","ping_status":"closed","sticky":false,"template":"","format":"standard","meta":{"_bbp_topic_count":0,"_bbp_reply_count":0,"_bbp_total_topic_count":0,"_bbp_total_reply_count":0,"_bbp_voice_count":0,"_bbp_anonymous_reply_count":0,"_bbp_topic_count_hidden":0,"_bbp_reply_count_hidden":0,"_bbp_forum_subforum_count":0,"footnotes":""},"categories":[70,1,4],"tags":[],"class_list":["post-8255","post","type-post","status-publish","format-standard","has-post-thumbnail","hentry","category-efi","category-general","category-portada"],"post_mailing_queue_ids":[],"_links":{"self":[{"href":"https:\/\/agora.xtec.cat\/escolalavilapalamos\/wp-json\/wp\/v2\/posts\/8255","targetHints":{"allow":["GET"]}}],"collection":[{"href":"https:\/\/agora.xtec.cat\/escolalavilapalamos\/wp-json\/wp\/v2\/posts"}],"about":[{"href":"https:\/\/agora.xtec.cat\/escolalavilapalamos\/wp-json\/wp\/v2\/types\/post"}],"author":[{"embeddable":true,"href":"https:\/\/agora.xtec.cat\/escolalavilapalamos\/wp-json\/wp\/v2\/users\/167"}],"replies":[{"embeddable":true,"href":"https:\/\/agora.xtec.cat\/escolalavilapalamos\/wp-json\/wp\/v2\/comments?post=8255"}],"version-history":[{"count":3,"href":"https:\/\/agora.xtec.cat\/escolalavilapalamos\/wp-json\/wp\/v2\/posts\/8255\/revisions"}],"predecessor-version":[{"id":8344,"href":"https:\/\/agora.xtec.cat\/escolalavilapalamos\/wp-json\/wp\/v2\/posts\/8255\/revisions\/8344"}],"wp:featuredmedia":[{"embeddable":true,"href":"https:\/\/agora.xtec.cat\/escolalavilapalamos\/wp-json\/wp\/v2\/media\/8337"}],"wp:attachment":[{"href":"https:\/\/agora.xtec.cat\/escolalavilapalamos\/wp-json\/wp\/v2\/media?parent=8255"}],"wp:term":[{"taxonomy":"category","embeddable":true,"href":"https:\/\/agora.xtec.cat\/escolalavilapalamos\/wp-json\/wp\/v2\/categories?post=8255"},{"taxonomy":"post_tag","embeddable":true,"href":"https:\/\/agora.xtec.cat\/escolalavilapalamos\/wp-json\/wp\/v2\/tags?post=8255"}],"curies":[{"name":"wp","href":"https:\/\/api.w.org\/{rel}","templated":true}]}}