{"id":8239,"date":"2020-11-17T16:34:30","date_gmt":"2020-11-17T15:34:30","guid":{"rendered":"http:\/\/agora.xtec.cat\/escolalavilapalamos\/?p=8239"},"modified":"2020-11-17T19:40:33","modified_gmt":"2020-11-17T18:40:33","slug":"p5-fa-una-sortida-per-palamos","status":"publish","type":"post","link":"https:\/\/agora.xtec.cat\/escolalavilapalamos\/infantil\/p5-fa-una-sortida-per-palamos\/","title":{"rendered":"P5 fa una sortida per Palam\u00f3s"},"content":{"rendered":"<p><img loading=\"lazy\" decoding=\"async\" class=\"alignleft\" src=\"https:\/\/fotos.hoteles.net\/articulos\/palamos-guia-turistica-6431-7.jpg\" alt=\"Gu\u00eda de Palam\u00f3s, en Girona\" width=\"409\" height=\"307\" \/><\/p>\n<p>Dimecres 18 de novembre al mat\u00ed, <strong>les\/els alumnes de P5 fan una visita a Palam\u00f3s<\/strong>. La visita es realitza dins el Projecte Palam\u00f3s que estan treballant sobre el municipi.<\/p>\n<p>Observaran diferents espais que hi ha al passeig (brollador, escultura dels pescadors, canons&#8230;) i a veure qu\u00e8 hi ha si observem en direcci\u00f3 al mar o a la poblaci\u00f3.<\/p>\n<p>&nbsp;<\/p>\n<p>Tutores de P5<\/p>\n","protected":false},"excerpt":{"rendered":"<p>Dimecres 18 de novembre al mat\u00ed, les\/els alumnes de P5 fan una visita a Palam\u00f3s. La visita es realitza dins el Projecte Palam\u00f3s que estan treballant sobre el municipi.<br \/>\nObservaran diferents espais que hi ha al passeig (brollador, escultura dels pescadors, canons&#8230;) i a veure qu\u00e8&hellip;  <a href=\"https:\/\/agora.xtec.cat\/escolalavilapalamos\/infantil\/p5-fa-una-sortida-per-palamos\/\" title=\"Read P5 fa una sortida per Palam\u00f3s\">Llegeix m\u00e9s\u00bb<\/a><\/p>\n","protected":false},"author":1,"featured_media":8240,"comment_status":"open","ping_status":"closed","sticky":false,"template":"","format":"standard","meta":{"_bbp_topic_count":0,"_bbp_reply_count":0,"_bbp_total_topic_count":0,"_bbp_total_reply_count":0,"_bbp_voice_count":0,"_bbp_anonymous_reply_count":0,"_bbp_topic_count_hidden":0,"_bbp_reply_count_hidden":0,"_bbp_forum_subforum_count":0,"footnotes":""},"categories":[2,4,5],"tags":[],"class_list":["post-8239","post","type-post","status-publish","format-standard","has-post-thumbnail","hentry","category-infantil","category-portada","category-primaria"],"post_mailing_queue_ids":[],"_links":{"self":[{"href":"https:\/\/agora.xtec.cat\/escolalavilapalamos\/wp-json\/wp\/v2\/posts\/8239","targetHints":{"allow":["GET"]}}],"collection":[{"href":"https:\/\/agora.xtec.cat\/escolalavilapalamos\/wp-json\/wp\/v2\/posts"}],"about":[{"href":"https:\/\/agora.xtec.cat\/escolalavilapalamos\/wp-json\/wp\/v2\/types\/post"}],"author":[{"embeddable":true,"href":"https:\/\/agora.xtec.cat\/escolalavilapalamos\/wp-json\/wp\/v2\/users\/1"}],"replies":[{"embeddable":true,"href":"https:\/\/agora.xtec.cat\/escolalavilapalamos\/wp-json\/wp\/v2\/comments?post=8239"}],"version-history":[{"count":2,"href":"https:\/\/agora.xtec.cat\/escolalavilapalamos\/wp-json\/wp\/v2\/posts\/8239\/revisions"}],"predecessor-version":[{"id":8244,"href":"https:\/\/agora.xtec.cat\/escolalavilapalamos\/wp-json\/wp\/v2\/posts\/8239\/revisions\/8244"}],"wp:featuredmedia":[{"embeddable":true,"href":"https:\/\/agora.xtec.cat\/escolalavilapalamos\/wp-json\/wp\/v2\/media\/8240"}],"wp:attachment":[{"href":"https:\/\/agora.xtec.cat\/escolalavilapalamos\/wp-json\/wp\/v2\/media?parent=8239"}],"wp:term":[{"taxonomy":"category","embeddable":true,"href":"https:\/\/agora.xtec.cat\/escolalavilapalamos\/wp-json\/wp\/v2\/categories?post=8239"},{"taxonomy":"post_tag","embeddable":true,"href":"https:\/\/agora.xtec.cat\/escolalavilapalamos\/wp-json\/wp\/v2\/tags?post=8239"}],"curies":[{"name":"wp","href":"https:\/\/api.w.org\/{rel}","templated":true}]}}