{"id":8231,"date":"2020-12-12T22:04:29","date_gmt":"2020-12-12T21:04:29","guid":{"rendered":"http:\/\/agora.xtec.cat\/escolalavilapalamos\/?p=8231"},"modified":"2020-12-12T22:04:29","modified_gmt":"2020-12-12T21:04:29","slug":"el-taxi-dron","status":"publish","type":"post","link":"https:\/\/agora.xtec.cat\/escolalavilapalamos\/general\/el-taxi-dron\/","title":{"rendered":"El taxi-dron"},"content":{"rendered":"<p><img loading=\"lazy\" decoding=\"async\" class=\"alignleft\" src=\"https:\/\/estaticos.muyinteresante.es\/media\/cache\/760x570_thumb\/uploads\/images\/article\/58aecbd55cafe8f9a88b45a4\/dron-taxi_0.jpg\" alt=\"drones-taxi\" width=\"282\" height=\"211\" \/>Qu\u00e8 \u00e9s un taxi-dron? Dubai es precisament el territori on comen\u00e7aran a funcionar els drons taxi regularment. Aquests vehicles aut\u00f2noms faran vols regulars a partir del proper any i han estat provats en el cel de la Xina, lloc a on els han disenyat per la companyia Ehang.<\/p>\n<p>El vehicle aeri aut\u00f2nom no sols \u00e9s innovador i segur, sin\u00f3 que \u00e9s respectu\u00f3s amb el medi ambient, dons es tracta d&#8217;un transport el\u00e8ctric sense riscos de contaminaci\u00f3. \u00danicament es necessita electricitat per funcionar.<\/p>\n<p>Carateristiques del dron-taxi<\/p>\n<p><a href=\"https:\/\/www.muyinteresante.es\/tecnologia\/articulo\/llegan-los-drones-taxi-341487850426\">Pot transportar un passatge de fins 100 kilograms de pes<\/a><\/p>\n<p>El temps de viatje maxim son de 30 min. Els passtgers poden escollir el seu dest\u00ed a trav\u00e9s d&#8217;una pantalla t\u00e0ctil. Poden realitzar trajectes de fins els 50 kil\u00f2metres. Les zones d&#8217;arrancada i aterratge\u00a0 s&#8217;ajusten autom\u00e0ticament gr\u00e0cies a una c\u00e0mera i diversos sensors. Els passatgers podran disposar de controls de temperatura, ventilaci\u00f3 i llum. El taxi-dron est\u00e0 connectat permanent amb el control de la torre de control per evitar els vols en condicions climatol\u00f2giques adverses.<\/p>\n<p>El taxi-dron necesita\u00a0 la recargar la bateria despr\u00e9s de cada viatge i es pot moure a 160 Km\/h.<\/p>\n<p><iframe loading=\"lazy\" title=\"Un &quot;taxi dron&quot; despega en Viena\" width=\"500\" height=\"281\" src=\"https:\/\/www.youtube.com\/embed\/1Frj5d_uEhY?feature=oembed\" frameborder=\"0\" allow=\"accelerometer; autoplay; clipboard-write; encrypted-media; gyroscope; picture-in-picture; web-share\" referrerpolicy=\"strict-origin-when-cross-origin\" allowfullscreen><\/iframe><\/p>\n<p>FRAN ZAZO GARCIA XAVI DIAZ RODR\u00cdGUEZ.<\/p>\n","protected":false},"excerpt":{"rendered":"<p>Qu\u00e8 \u00e9s un taxi-dron? Dubai es precisament el territori on comen\u00e7aran a funcionar els drons taxi regularment. Aquests vehicles aut\u00f2noms faran vols regulars a partir del proper any i han estat provats en el cel de la Xina, lloc a on els han disenyat per&hellip;  <a href=\"https:\/\/agora.xtec.cat\/escolalavilapalamos\/general\/el-taxi-dron\/\" title=\"Read El taxi-dron\">Llegeix m\u00e9s\u00bb<\/a><\/p>\n","protected":false},"author":171,"featured_media":8704,"comment_status":"open","ping_status":"closed","sticky":false,"template":"","format":"standard","meta":{"_bbp_topic_count":0,"_bbp_reply_count":0,"_bbp_total_topic_count":0,"_bbp_total_reply_count":0,"_bbp_voice_count":0,"_bbp_anonymous_reply_count":0,"_bbp_topic_count_hidden":0,"_bbp_reply_count_hidden":0,"_bbp_forum_subforum_count":0,"footnotes":""},"categories":[1,131],"tags":[],"class_list":["post-8231","post","type-post","status-publish","format-standard","has-post-thumbnail","hentry","category-general","category-setmana-de-la-ciencia"],"post_mailing_queue_ids":[],"_links":{"self":[{"href":"https:\/\/agora.xtec.cat\/escolalavilapalamos\/wp-json\/wp\/v2\/posts\/8231","targetHints":{"allow":["GET"]}}],"collection":[{"href":"https:\/\/agora.xtec.cat\/escolalavilapalamos\/wp-json\/wp\/v2\/posts"}],"about":[{"href":"https:\/\/agora.xtec.cat\/escolalavilapalamos\/wp-json\/wp\/v2\/types\/post"}],"author":[{"embeddable":true,"href":"https:\/\/agora.xtec.cat\/escolalavilapalamos\/wp-json\/wp\/v2\/users\/171"}],"replies":[{"embeddable":true,"href":"https:\/\/agora.xtec.cat\/escolalavilapalamos\/wp-json\/wp\/v2\/comments?post=8231"}],"version-history":[{"count":3,"href":"https:\/\/agora.xtec.cat\/escolalavilapalamos\/wp-json\/wp\/v2\/posts\/8231\/revisions"}],"predecessor-version":[{"id":8705,"href":"https:\/\/agora.xtec.cat\/escolalavilapalamos\/wp-json\/wp\/v2\/posts\/8231\/revisions\/8705"}],"wp:featuredmedia":[{"embeddable":true,"href":"https:\/\/agora.xtec.cat\/escolalavilapalamos\/wp-json\/wp\/v2\/media\/8704"}],"wp:attachment":[{"href":"https:\/\/agora.xtec.cat\/escolalavilapalamos\/wp-json\/wp\/v2\/media?parent=8231"}],"wp:term":[{"taxonomy":"category","embeddable":true,"href":"https:\/\/agora.xtec.cat\/escolalavilapalamos\/wp-json\/wp\/v2\/categories?post=8231"},{"taxonomy":"post_tag","embeddable":true,"href":"https:\/\/agora.xtec.cat\/escolalavilapalamos\/wp-json\/wp\/v2\/tags?post=8231"}],"curies":[{"name":"wp","href":"https:\/\/api.w.org\/{rel}","templated":true}]}}