{"id":8219,"date":"2020-12-12T22:06:17","date_gmt":"2020-12-12T21:06:17","guid":{"rendered":"http:\/\/agora.xtec.cat\/escolalavilapalamos\/?p=8219"},"modified":"2020-12-12T22:06:17","modified_gmt":"2020-12-12T21:06:17","slug":"el-cotxe-volador","status":"publish","type":"post","link":"https:\/\/agora.xtec.cat\/escolalavilapalamos\/general\/el-cotxe-volador\/","title":{"rendered":"El cotxe volador"},"content":{"rendered":"<h4><strong><img loading=\"lazy\" decoding=\"async\" class=\"alignleft\" src=\"https:\/\/cdn.computerhoy.com\/sites\/navi.axelspringer.es\/public\/media\/image\/2020\/08\/skydrive-toyota-2049093.jpg\" alt=\"As\u00ed se defiende en el aire el eVTOL de Toyota, el coche volador el\u00e9ctrico m\u00e1s compacto del mundo | Tecnolog\u00eda - ComputerHoy.com\" width=\"386\" height=\"217\" \/><\/strong><\/h4>\n<p class=\"_h1_1swga_1\"><a href=\"https:\/\/youtu.be\/58kEzTpPzS0\">Toyota presenta un &#8216;cotxe volador&#8217; que podria comercialitzar-se el 2023<\/a><\/p>\n<p style=\"text-align: left;\">Els cotxes voladors s&#8217;estan inventant, est\u00e0 planejat que els primers siguin com drons amb una cabina. El vehicle podria ser utilitzat com una forma de trasllat personal i r\u00e0pid entre punts pr\u00f2xims. El passat 25 d&#8217;agost la companyia japonesa, Toyota, va completar la primera prova de vol del vehicle model SD-03 de tipus eVTOL. Durant la prova, el nou cotxe volador, SkyDrive, va ser capa\u00e7 d&#8217;aixecar-se a 3 metres de terra i va rec\u00f3rrer una zona voltada durant quatre minuts amb un passatger dins. Encara que sembli una cosa molt futurista, podria ser utilitzat com una forma de trasllat personal i r\u00e0pid entre punts pr\u00f2xims en un futur proper. Aquest model de &#8216;cotxe volador&#8217;, molt semblant a un helic\u00f2pter, \u00e9s el m\u00e9s petit del m\u00f3n ja que ocupa l&#8217;espai de dues places de p\u00e0rquing de cotxe. Resulta que cada vegada, moltes altres companyies de cotxe cotxes com Hyundai o Uber, s&#8217;uneixen a Toyota, per crear i comercialitzar el cotxe volador. Toyota a invertit 394 milions de doles a la startup Joby Aviation en una ronda de financiasio total que va arivar a els 590 milions de dolars. Aquesta empreses esperan\u00a0 que llan\u00e7aments comercials d&#8217;aquests vehicles entre el 2022 i el 2025.<\/p>\n<h4><strong>Nora Segues i Aran Trias<\/strong><\/h4>\n","protected":false},"excerpt":{"rendered":"<p><a href=\"https:\/\/youtu.be\/58kEzTpPzS0\">Toyota presenta un &#8216;cotxe volador&#8217; que podria comercialitzar-se el 2023<\/a><br \/>\nEls cotxes voladors s&#8217;estan inventant, est\u00e0 planejat que els primers siguin com drons amb una cabina. El vehicle podria ser utilitzat com una forma de trasllat personal i r\u00e0pid entre punts pr\u00f2xims. El passat 25&hellip;  <a href=\"https:\/\/agora.xtec.cat\/escolalavilapalamos\/general\/el-cotxe-volador\/\" title=\"Read El cotxe volador\">Llegeix m\u00e9s\u00bb<\/a><\/p>\n","protected":false},"author":171,"featured_media":8706,"comment_status":"open","ping_status":"closed","sticky":false,"template":"","format":"standard","meta":{"_bbp_topic_count":0,"_bbp_reply_count":0,"_bbp_total_topic_count":0,"_bbp_total_reply_count":0,"_bbp_voice_count":0,"_bbp_anonymous_reply_count":0,"_bbp_topic_count_hidden":0,"_bbp_reply_count_hidden":0,"_bbp_forum_subforum_count":0,"footnotes":""},"categories":[1,131],"tags":[],"class_list":["post-8219","post","type-post","status-publish","format-standard","has-post-thumbnail","hentry","category-general","category-setmana-de-la-ciencia"],"post_mailing_queue_ids":[],"_links":{"self":[{"href":"https:\/\/agora.xtec.cat\/escolalavilapalamos\/wp-json\/wp\/v2\/posts\/8219","targetHints":{"allow":["GET"]}}],"collection":[{"href":"https:\/\/agora.xtec.cat\/escolalavilapalamos\/wp-json\/wp\/v2\/posts"}],"about":[{"href":"https:\/\/agora.xtec.cat\/escolalavilapalamos\/wp-json\/wp\/v2\/types\/post"}],"author":[{"embeddable":true,"href":"https:\/\/agora.xtec.cat\/escolalavilapalamos\/wp-json\/wp\/v2\/users\/171"}],"replies":[{"embeddable":true,"href":"https:\/\/agora.xtec.cat\/escolalavilapalamos\/wp-json\/wp\/v2\/comments?post=8219"}],"version-history":[{"count":3,"href":"https:\/\/agora.xtec.cat\/escolalavilapalamos\/wp-json\/wp\/v2\/posts\/8219\/revisions"}],"predecessor-version":[{"id":8707,"href":"https:\/\/agora.xtec.cat\/escolalavilapalamos\/wp-json\/wp\/v2\/posts\/8219\/revisions\/8707"}],"wp:featuredmedia":[{"embeddable":true,"href":"https:\/\/agora.xtec.cat\/escolalavilapalamos\/wp-json\/wp\/v2\/media\/8706"}],"wp:attachment":[{"href":"https:\/\/agora.xtec.cat\/escolalavilapalamos\/wp-json\/wp\/v2\/media?parent=8219"}],"wp:term":[{"taxonomy":"category","embeddable":true,"href":"https:\/\/agora.xtec.cat\/escolalavilapalamos\/wp-json\/wp\/v2\/categories?post=8219"},{"taxonomy":"post_tag","embeddable":true,"href":"https:\/\/agora.xtec.cat\/escolalavilapalamos\/wp-json\/wp\/v2\/tags?post=8219"}],"curies":[{"name":"wp","href":"https:\/\/api.w.org\/{rel}","templated":true}]}}