{"id":8218,"date":"2020-12-01T15:21:56","date_gmt":"2020-12-01T14:21:56","guid":{"rendered":"http:\/\/agora.xtec.cat\/escolalavilapalamos\/?p=8218"},"modified":"2020-12-01T15:37:27","modified_gmt":"2020-12-01T14:37:27","slug":"cinema-del-futur","status":"publish","type":"post","link":"https:\/\/agora.xtec.cat\/escolalavilapalamos\/general\/cinema-del-futur\/","title":{"rendered":"Cinema del Futur"},"content":{"rendered":"<header class=\"header-home\">\n<div class=\"menu\">\n<div class=\"navbar stick\">\n<div class=\"inner\">\n<div class=\"search\"><\/div>\n<\/div>\n<\/div>\n<\/div>\n<\/header>\n<div class=\"container\">\n<div class=\"wrapper row\">\n<div id=\"main-wrapper\" class=\"clearfix\">\n<div class=\"main clearfix col-lg-12\">\n<div class=\"region region-content\">\n<div id=\"block-system-main\" class=\"block block-system\">\n<div class=\"content\">\n<article id=\"node-124481\" class=\"node node-article-layout-2020 clearfix col-lg-12\">\n<div class=\"row\">\n<p class=\"share-toolbar\">El <a href=\"https:\/\/omacinema.com\/#page1\">Cinema del futur \ud83d\udcfd<\/a><\/p>\n<p class=\"share-toolbar\"><span style=\"font-family: inherit; font-size: 1em;\">Una de les coses qu<img loading=\"lazy\" decoding=\"async\" class=\"img-responsive img-responsive alignright\" src=\"https:\/\/nofilmschool.com\/sites\/default\/files\/styles\/article_wide\/public\/mcncjkfgqe8.jpg?itok=V_Vu5Gl9\" alt=\"\" width=\"319\" height=\"192\" \/>e parlem molt aqu\u00ed \u00e9s el futur dels cinemes. Com ser\u00e0 l\u2019experi\u00e8ncia cinematogr\u00e0fica el 2025? 2030? <\/span><\/p>\n<p class=\"share-toolbar\"><span style=\"font-family: inherit; font-size: 1em;\">Estem en una \u00e8poca <\/span><span style=\"font-family: inherit; font-size: 1em;\">estranya en qu\u00e8 no tenim ni idea de quan ser\u00e0 segur tornar al teatre i, quan tornem enrere, quines pel\u00b7l\u00edcules quedaran?\u00a0<\/span><span style=\"font-family: inherit; font-size: 1em;\">Sabem que la seguretat \u00e9s la primera, per\u00f2 despr\u00e9s &#8230; <\/span><span style=\"font-family: inherit; font-size: 1em;\">?\u00a0<\/span><span style=\"font-family: inherit; font-size: 1em;\">Quines pel\u00b7l\u00edcules dominaran la taquilla durant la propera d\u00e8cada i quines quedaran relegades a ser projectades a casa?\u00a0<\/span><span style=\"font-family: inherit; font-size: 1em;\"><span style=\"font-size: 1em;\">Crec que hi haur\u00e0 prioritzaci\u00f3 per a pel\u00b7l\u00edcules <\/span><\/span><span style=\"font-family: inherit; font-size: 1em;\">esdeveniments<\/span><span style=\"font-family: inherit; font-size: 1em;\"><span style=\"font-size: 1em;\">, superproduccions i similars. <\/span><\/span><span style=\"font-family: inherit; font-size: 1em;\">I quin millor lloc per veure una pel\u00b7l\u00edcula aix\u00ed que en un cinema vertical &#8230;<\/span><\/p>\n<p class=\"share-toolbar\"><span style=\"font-family: inherit; font-size: 1em;\"><img loading=\"lazy\" decoding=\"async\" class=\"alignleft\" src=\"https:\/\/omacinema.com\/wp-content\/uploads\/2018\/03\/OMA_LOGO_RVB-01.png\" alt=\"\u014cma Cinema - Vertical Immersive Experience\" width=\"231\" height=\"163\" \/>Qu\u00e8 \u00e9s un cinema vertical? B\u00e9, \u00e9s una nova idea d\u2019\u014cma Cinema<\/span><span style=\"font-family: inherit; font-size: 1em;\">\u00a0.\u00a0\u014cma \u00e9s una nova manera de pensar en anar al cinema.\u00a0Munta els seients i una pantalla de manera que cada seient, independentment d\u2019on es trobi, us ofereix la millor qualitat d\u2019imatge i so.<\/span><span style=\"font-family: inherit; font-size: 1em;\">\u00c9s molt m\u00e9s que espectacular de l\u2019arquitectura, la configuraci\u00f3 original de la sala ha estat dissenyada per oferir als espectadors una experi\u00e8ncia visual i sonora excepcional, projectant<\/span><span style=\"font-family: inherit; font-size: 1em;\"> una imatge lliure de distorsions. M\u2019encanten els\u00a0 elegants conceptes. Aquest seient el fa divertit per a grups i tamb\u00e9 us ofereix una experi\u00e8ncia m\u00e9s \u00edntima. Aquests cinemes estan dissenyats per als espais disponibles, amb un plat\u00f3 per a Par\u00eds. No s\u00f3n id\u00e8ntics als cinemes que veie<\/span><span style=\"font-family: inherit; font-size: 1em;\">m ara, per\u00f2 s\u00ed personalitzables. La distribuci\u00f3 de la plataforma permet a \u014cma satisfer les vostres necessitats molt espec\u00edfiques tant en estructures existents com en projectes nous. Trieu la mida de cada plataforma, el nombre de nivells, les plataformes per nivell, etc. D&#8217;aquesta manera, podeu assegurar-vos que cada espai es faci servir per a l&#8217;experi\u00e8ncia.<\/span><\/p>\n<p>GERARD ROVIRA i ARTUR S\u00c0BAT<\/p>\n<div class=\"article__content col-lg-8\">\n<div class=\"article__body\">\n<div class=\"field field-name-body field-type-text-with-summary field-label-hidden\">\n<div class=\"field-items\">\n<div class=\"field-item even\">\n<p><iframe loading=\"lazy\" src=\"https:\/\/www.youtube.com\/embed\/4PgD0Xj4pBk?feature=oembed\" width=\"612\" height=\"344\" frameborder=\"0\" data-mce-fragment=\"1\"><\/iframe><\/p>\n<p>&nbsp;<\/p>\n<p>&nbsp;<\/p>\n<div class=\"article__content col-lg-8\">\n<div class=\"article__body\">\n<div class=\"field field-name-body field-type-text-with-summary field-label-hidden\">\n<div class=\"field-items\">\n<div class=\"field-item even\">\n<p>&nbsp;<\/p>\n<\/div>\n<\/div>\n<\/div>\n<\/div>\n<\/div>\n<\/div>\n<\/div>\n<\/div>\n<\/div>\n<\/div>\n<\/div>\n<\/article>\n<\/div>\n<\/div>\n<\/div>\n<\/div>\n<\/div>\n<\/div>\n<\/div>\n<pre id=\"tw-target-text\" class=\"tw-data-text tw-text-large XcVN5d tw-ta\" data-placeholder=\"Traducci\u00f3n\"><\/pre>\n","protected":false},"excerpt":{"rendered":"<p>El <a href=\"https:\/\/omacinema.com\/#page1\">Cinema del futur \ud83d\udcfd<\/a><br \/>\nUna de les coses que parlem molt aqu\u00ed \u00e9s el futur dels cinemes. Com ser\u00e0 l\u2019experi\u00e8ncia cinematogr\u00e0fica el 2025? 2030?<br \/>\nEstem en una \u00e8poca estranya en qu\u00e8 no tenim ni idea de quan ser\u00e0 segur tornar al teatre i, quan&hellip;  <a href=\"https:\/\/agora.xtec.cat\/escolalavilapalamos\/general\/cinema-del-futur\/\" title=\"Read Cinema del Futur\">Llegeix m\u00e9s\u00bb<\/a><\/p>\n","protected":false},"author":171,"featured_media":8546,"comment_status":"open","ping_status":"closed","sticky":false,"template":"","format":"standard","meta":{"_bbp_topic_count":0,"_bbp_reply_count":0,"_bbp_total_topic_count":0,"_bbp_total_reply_count":0,"_bbp_voice_count":0,"_bbp_anonymous_reply_count":0,"_bbp_topic_count_hidden":0,"_bbp_reply_count_hidden":0,"_bbp_forum_subforum_count":0,"footnotes":""},"categories":[1,131],"tags":[],"class_list":["post-8218","post","type-post","status-publish","format-standard","has-post-thumbnail","hentry","category-general","category-setmana-de-la-ciencia"],"post_mailing_queue_ids":[],"_links":{"self":[{"href":"https:\/\/agora.xtec.cat\/escolalavilapalamos\/wp-json\/wp\/v2\/posts\/8218","targetHints":{"allow":["GET"]}}],"collection":[{"href":"https:\/\/agora.xtec.cat\/escolalavilapalamos\/wp-json\/wp\/v2\/posts"}],"about":[{"href":"https:\/\/agora.xtec.cat\/escolalavilapalamos\/wp-json\/wp\/v2\/types\/post"}],"author":[{"embeddable":true,"href":"https:\/\/agora.xtec.cat\/escolalavilapalamos\/wp-json\/wp\/v2\/users\/171"}],"replies":[{"embeddable":true,"href":"https:\/\/agora.xtec.cat\/escolalavilapalamos\/wp-json\/wp\/v2\/comments?post=8218"}],"version-history":[{"count":3,"href":"https:\/\/agora.xtec.cat\/escolalavilapalamos\/wp-json\/wp\/v2\/posts\/8218\/revisions"}],"predecessor-version":[{"id":8552,"href":"https:\/\/agora.xtec.cat\/escolalavilapalamos\/wp-json\/wp\/v2\/posts\/8218\/revisions\/8552"}],"wp:featuredmedia":[{"embeddable":true,"href":"https:\/\/agora.xtec.cat\/escolalavilapalamos\/wp-json\/wp\/v2\/media\/8546"}],"wp:attachment":[{"href":"https:\/\/agora.xtec.cat\/escolalavilapalamos\/wp-json\/wp\/v2\/media?parent=8218"}],"wp:term":[{"taxonomy":"category","embeddable":true,"href":"https:\/\/agora.xtec.cat\/escolalavilapalamos\/wp-json\/wp\/v2\/categories?post=8218"},{"taxonomy":"post_tag","embeddable":true,"href":"https:\/\/agora.xtec.cat\/escolalavilapalamos\/wp-json\/wp\/v2\/tags?post=8218"}],"curies":[{"name":"wp","href":"https:\/\/api.w.org\/{rel}","templated":true}]}}