{"id":8215,"date":"2020-12-10T15:26:54","date_gmt":"2020-12-10T14:26:54","guid":{"rendered":"http:\/\/agora.xtec.cat\/escolalavilapalamos\/?p=8215"},"modified":"2020-12-10T15:50:19","modified_gmt":"2020-12-10T14:50:19","slug":"el-cotxe-del-futur","status":"publish","type":"post","link":"https:\/\/agora.xtec.cat\/escolalavilapalamos\/general\/el-cotxe-del-futur\/","title":{"rendered":"El cotxe del futur"},"content":{"rendered":"<p><img loading=\"lazy\" decoding=\"async\" class=\"alignright\" src=\"https:\/\/blogthinkbig.com\/wp-content\/uploads\/sites\/4\/2013\/11\/env03.jpg?resize=610%2C406\" alt=\"Los coches del 2050, la revoluci\u00f3n tecnol\u00f3gica que viene\" width=\"264\" height=\"176\" \/><\/p>\n<p>El cotxe del futur \u00e9s un cotxe amb tecnologia molt avan\u00e7ada. Li pots dir porta&#8217;m a Paris i et porta. I si vols et pots dormir.<\/p>\n<p>El cotxe del futur \u00e9s molt avan\u00e7at en la tecnologia perqu\u00e8 \u00e9s capa\u00e7 de portar-te als llocs mes r\u00e0pid que els cotxes normals i el model \u00e9s molt diferent que el cotxe normal. Tamb\u00e9 et pots trobar en un futur cotxes que volen. Hi ha un model que li pots activar les llums de les ll\u00e0nties, el cap\u00f3 i a sota del volant, i un model que se poden pujar les portes de els dos costats Hi ha cotxes molts petits que semblen els t\u00edpics minis per\u00f2 per a dins son s\u00faper macos i especials. Aquest cotxe es diu <a href=\"https:\/\/blogthinkbig.com\/que-conduciremos-en-2050\">GM\u00a0 EN-V<\/a><\/p>\n<p>Tamb\u00e9\u00a0 es descapotable. Hi ha molts models de colors. Per fora es veu mol petit per\u00f2 per dins \u00e9s normal. \u00c9s el\u00e8ctric, tenen molts dissenys i s\u00f3n de molts colors. Alguns s\u00f3n mig rodons, la pla\u00e7a \u00e9s de dues persones. Hi ha un suport de m\u00f2bil per no haver d&#8217;aguantar el GPS.<\/p>\n<p>Alexandra Ruiz i Iris Larrosa<\/p>\n<p><iframe loading=\"lazy\" title=\"General Motors EN-V 2.0 Concept Demonstration\" width=\"500\" height=\"281\" src=\"https:\/\/www.youtube.com\/embed\/dRHcBd_C_f4?feature=oembed\" frameborder=\"0\" allow=\"accelerometer; autoplay; clipboard-write; encrypted-media; gyroscope; picture-in-picture; web-share\" referrerpolicy=\"strict-origin-when-cross-origin\" allowfullscreen><\/iframe><\/p>\n","protected":false},"excerpt":{"rendered":"<p>El cotxe del futur \u00e9s un cotxe amb tecnologia molt avan\u00e7ada. Li pots dir porta&#8217;m a Paris i et porta. I si vols et pots dormir.<br \/>\nEl cotxe del futur \u00e9s molt avan\u00e7at en la tecnologia perqu\u00e8 \u00e9s capa\u00e7 de portar-te als llocs mes r\u00e0pid que&hellip;  <a href=\"https:\/\/agora.xtec.cat\/escolalavilapalamos\/general\/el-cotxe-del-futur\/\" title=\"Read El cotxe del futur\">Llegeix m\u00e9s\u00bb<\/a><\/p>\n","protected":false},"author":171,"featured_media":8626,"comment_status":"open","ping_status":"closed","sticky":false,"template":"","format":"standard","meta":{"_bbp_topic_count":0,"_bbp_reply_count":0,"_bbp_total_topic_count":0,"_bbp_total_reply_count":0,"_bbp_voice_count":0,"_bbp_anonymous_reply_count":0,"_bbp_topic_count_hidden":0,"_bbp_reply_count_hidden":0,"_bbp_forum_subforum_count":0,"footnotes":""},"categories":[1,131],"tags":[],"class_list":["post-8215","post","type-post","status-publish","format-standard","has-post-thumbnail","hentry","category-general","category-setmana-de-la-ciencia"],"post_mailing_queue_ids":[],"_links":{"self":[{"href":"https:\/\/agora.xtec.cat\/escolalavilapalamos\/wp-json\/wp\/v2\/posts\/8215","targetHints":{"allow":["GET"]}}],"collection":[{"href":"https:\/\/agora.xtec.cat\/escolalavilapalamos\/wp-json\/wp\/v2\/posts"}],"about":[{"href":"https:\/\/agora.xtec.cat\/escolalavilapalamos\/wp-json\/wp\/v2\/types\/post"}],"author":[{"embeddable":true,"href":"https:\/\/agora.xtec.cat\/escolalavilapalamos\/wp-json\/wp\/v2\/users\/171"}],"replies":[{"embeddable":true,"href":"https:\/\/agora.xtec.cat\/escolalavilapalamos\/wp-json\/wp\/v2\/comments?post=8215"}],"version-history":[{"count":3,"href":"https:\/\/agora.xtec.cat\/escolalavilapalamos\/wp-json\/wp\/v2\/posts\/8215\/revisions"}],"predecessor-version":[{"id":8638,"href":"https:\/\/agora.xtec.cat\/escolalavilapalamos\/wp-json\/wp\/v2\/posts\/8215\/revisions\/8638"}],"wp:featuredmedia":[{"embeddable":true,"href":"https:\/\/agora.xtec.cat\/escolalavilapalamos\/wp-json\/wp\/v2\/media\/8626"}],"wp:attachment":[{"href":"https:\/\/agora.xtec.cat\/escolalavilapalamos\/wp-json\/wp\/v2\/media?parent=8215"}],"wp:term":[{"taxonomy":"category","embeddable":true,"href":"https:\/\/agora.xtec.cat\/escolalavilapalamos\/wp-json\/wp\/v2\/categories?post=8215"},{"taxonomy":"post_tag","embeddable":true,"href":"https:\/\/agora.xtec.cat\/escolalavilapalamos\/wp-json\/wp\/v2\/tags?post=8215"}],"curies":[{"name":"wp","href":"https:\/\/api.w.org\/{rel}","templated":true}]}}