{"id":8210,"date":"2020-11-16T17:05:26","date_gmt":"2020-11-16T16:05:26","guid":{"rendered":"http:\/\/agora.xtec.cat\/escolalavilapalamos\/?p=8210"},"modified":"2020-11-17T19:48:42","modified_gmt":"2020-11-17T18:48:42","slug":"relats-per-a-joves-a-la-biblioteca-de-palamos-2","status":"publish","type":"post","link":"https:\/\/agora.xtec.cat\/escolalavilapalamos\/general\/relats-per-a-joves-a-la-biblioteca-de-palamos-2\/","title":{"rendered":"Relats per a joves a la Biblioteca de Palam\u00f3s"},"content":{"rendered":"<p>Els alumnes de 5\u00e8 i 6\u00e8 anem a la <strong>Biblioteca Llu\u00eds Barcel\u00f3 i Bou<\/strong> de Palam\u00f3s el dimarts 17 de novembre mat\u00ed.<\/p>\n<p>Realitzaran l&#8217;activitat <strong>Relats per a Joves, <\/strong>pensada i dirigida per a alumnes de Cicle superior de Prim\u00e0ria (5\u00e8\u00a0i 6\u00e8) i alumnes de 1r d&#8217;ESO, amb la finalitat de promoure i potenciar els h\u00e0bits lectors. Una activitat que es dur\u00e0 a terme tenint en compte les directrius marcades per les administracions educatives i sanit\u00e0ries.<\/p>\n<div>\n<div>\n<p>Com a l&#8217;inici de l&#8217;activitat s&#8217;ha previst el visionat d&#8217;un breu audiovisual a l&#8217;escola sobre la figura de <strong>Jean La Fontaine (1621-1695)<\/strong>. Amb motiu de la celebraci\u00f3 dels 400 anys del seu naixement l&#8217;any 2021, la sessi\u00f3 consistir\u00e0 a donar a con\u00e8ixer l&#8217;autor i algunes de les faules menys conegudes, amb valors \u00e8tics ben diferents. D&#8217;altra banda, es mostraran les obres de diferents il\u00b7lustradors que van quedar eclipsats per l&#8217;obra de La Fontaine. A c\u00e0rrec d&#8217;Olga Cerc\u00f3s (contista i actriu)<\/p>\n<p><iframe loading=\"lazy\" src=\"\/\/www.youtube.com\/embed\/vDiseTkEUUE\" width=\"560\" height=\"314\"><\/iframe><\/p>\n<p>Podeu veure fotos de l&#8217;activitat a la Biblioteca de Palam\u00f3s <a href=\"https:\/\/photos.app.goo.gl\/b2MNAhmRdefNR5yu5\">aqu\u00ed<\/a><\/p>\n<\/div>\n<div><\/div>\n<p><a href=\"http:\/\/www.bibgirona.cat\/biblioteca\/palamos\">Web de la Biblioteca de Palam\u00f3s<\/a><\/p>\n<\/div>\n","protected":false},"excerpt":{"rendered":"<p>Els alumnes de 5\u00e8 i 6\u00e8 anem a la Biblioteca Llu\u00eds Barcel\u00f3 i Bou de Palam\u00f3s el dimarts 17 de novembre mat\u00ed.<br \/>\nRealitzaran l&#8217;activitat Relats per a Joves, pensada i dirigida per a alumnes de Cicle superior de Prim\u00e0ria (5\u00e8\u00a0i 6\u00e8) i alumnes de 1r d&#8217;ESO,&hellip;  <a href=\"https:\/\/agora.xtec.cat\/escolalavilapalamos\/general\/relats-per-a-joves-a-la-biblioteca-de-palamos-2\/\" title=\"Read Relats per a joves a la Biblioteca de Palam\u00f3s\">Llegeix m\u00e9s\u00bb<\/a><\/p>\n","protected":false},"author":1,"featured_media":3639,"comment_status":"open","ping_status":"closed","sticky":false,"template":"","format":"standard","meta":{"_bbp_topic_count":0,"_bbp_reply_count":0,"_bbp_total_topic_count":0,"_bbp_total_reply_count":0,"_bbp_voice_count":0,"_bbp_anonymous_reply_count":0,"_bbp_topic_count_hidden":0,"_bbp_reply_count_hidden":0,"_bbp_forum_subforum_count":0,"footnotes":""},"categories":[128,1,4],"tags":[],"class_list":["post-8210","post","type-post","status-publish","format-standard","has-post-thumbnail","hentry","category-comunitat-de-grans","category-general","category-portada"],"post_mailing_queue_ids":[],"_links":{"self":[{"href":"https:\/\/agora.xtec.cat\/escolalavilapalamos\/wp-json\/wp\/v2\/posts\/8210","targetHints":{"allow":["GET"]}}],"collection":[{"href":"https:\/\/agora.xtec.cat\/escolalavilapalamos\/wp-json\/wp\/v2\/posts"}],"about":[{"href":"https:\/\/agora.xtec.cat\/escolalavilapalamos\/wp-json\/wp\/v2\/types\/post"}],"author":[{"embeddable":true,"href":"https:\/\/agora.xtec.cat\/escolalavilapalamos\/wp-json\/wp\/v2\/users\/1"}],"replies":[{"embeddable":true,"href":"https:\/\/agora.xtec.cat\/escolalavilapalamos\/wp-json\/wp\/v2\/comments?post=8210"}],"version-history":[{"count":3,"href":"https:\/\/agora.xtec.cat\/escolalavilapalamos\/wp-json\/wp\/v2\/posts\/8210\/revisions"}],"predecessor-version":[{"id":8245,"href":"https:\/\/agora.xtec.cat\/escolalavilapalamos\/wp-json\/wp\/v2\/posts\/8210\/revisions\/8245"}],"wp:featuredmedia":[{"embeddable":true,"href":"https:\/\/agora.xtec.cat\/escolalavilapalamos\/wp-json\/wp\/v2\/media\/3639"}],"wp:attachment":[{"href":"https:\/\/agora.xtec.cat\/escolalavilapalamos\/wp-json\/wp\/v2\/media?parent=8210"}],"wp:term":[{"taxonomy":"category","embeddable":true,"href":"https:\/\/agora.xtec.cat\/escolalavilapalamos\/wp-json\/wp\/v2\/categories?post=8210"},{"taxonomy":"post_tag","embeddable":true,"href":"https:\/\/agora.xtec.cat\/escolalavilapalamos\/wp-json\/wp\/v2\/tags?post=8210"}],"curies":[{"name":"wp","href":"https:\/\/api.w.org\/{rel}","templated":true}]}}