{"id":8200,"date":"2020-12-01T10:44:28","date_gmt":"2020-12-01T09:44:28","guid":{"rendered":"http:\/\/agora.xtec.cat\/escolalavilapalamos\/?p=8200"},"modified":"2020-12-01T11:51:41","modified_gmt":"2020-12-01T10:51:41","slug":"la-gran-aventura-de-lautomobil","status":"publish","type":"post","link":"https:\/\/agora.xtec.cat\/escolalavilapalamos\/general\/la-gran-aventura-de-lautomobil\/","title":{"rendered":"La gran aventura de l&#8217;autom\u00f2bil"},"content":{"rendered":"<p><img loading=\"lazy\" decoding=\"async\" class=\"alignright\" src=\"https:\/\/1.bp.blogspot.com\/-1I5nSUhywr4\/VNIrVHZ0TiI\/AAAAAAAACds\/oF5vncGujek\/w1200-h630-p-k-no-nu\/1910Ford-T.jpg\" alt=\"HISTORIA DEL DISE\u00d1O INDUSTRIAL: FORD T\" width=\"501\" height=\"263\" \/>El 2019 es van complir 100 anys del primer sal\u00f3 internacional de l&#8217;Autom\u00f2bil de Barcelona. Amb motiu d&#8217;aquesta commemoraci\u00f3 us expliquem la hist\u00f2ria del cotxe.<\/p>\n<p>Aquest \u00e9s el primer model que es va vendre al m\u00f3n, un Ford T.<\/p>\n<p>El motor funcionava cremant gasolina, explota a l&#8217;interior. \u00c9s el motor de combusti\u00f3 interna, tamb\u00e9 anomenat motor d&#8217;explosi\u00f3.<\/p>\n<p>UN COTXE QUE FUNCIONA AMB AIRE\u00a0 \u00a0 \u00a0 \u00a0 \u00a0 \u00a0 \u00a0 \u00a0 \u00a0 \u00a0 \u00a0 \u00a0 \u00a0 \u00a0 \u00a0 \u00a0 \u00a0 \u00a0 \u00a0 \u00a0 \u00a0 \u00a0 \u00a0 \u00a0 \u00a0 \u00a0 \u00a0 \u00a0 \u00a0 \u00a0 \u00a0 \u00a0 \u00a0 \u00a0 \u00a0 \u00a0 \u00a0 \u00a0 \u00a0 \u00a0 \u00a0 \u00a0 \u00a0 \u00a0 \u00a0 \u00a0\u00a0 El 1895, els germans Michelin van inventar els pneum\u00e0tics desmuntables. Els van col\u00b7locar a l&#8217;\u00c9clair, un cotxe fabricat per a la cursa Par\u00eds-Bordeus. Va ser una gran estrena.<\/p>\n<p>SABIEU QUE<\/p>\n<p>El Ford T \u00e9s el primer cotxe fabricat en s\u00e8rie. Entre 1908 i 1927,se&#8217;n van vendre 15 milions d&#8217;unitats arreu del m\u00f3n.<\/p>\n<p>MOLT BONICS, PER\u00d2 CARS<\/p>\n<p>Els primers cotxes es fabricaven d&#8217;un en un, a m\u00e0, com els famosos Rolls Royce. Eren molt cars: nom\u00e9s estaven a l&#8217;abast dels rics<\/p>\n<p>SILVANA GARCIA i CELINE FEUZEU<\/p>\n<p><iframe loading=\"lazy\" src=\"\/\/www.youtube.com\/embed\/Xy5oOQloXe0\" width=\"560\" height=\"314\"><\/iframe><\/p>\n<p>&nbsp;<\/p>\n","protected":false},"excerpt":{"rendered":"<p>El 2019 es van complir 100 anys del primer sal\u00f3 internacional de l&#8217;Autom\u00f2bil de Barcelona. Amb motiu d&#8217;aquesta commemoraci\u00f3 us expliquem la hist\u00f2ria del cotxe.<br \/>\nAquest \u00e9s el primer model que es va vendre al m\u00f3n, un Ford T.<br \/>\nEl motor funcionava cremant gasolina, explota a l&#8217;interior.&hellip;  <a href=\"https:\/\/agora.xtec.cat\/escolalavilapalamos\/general\/la-gran-aventura-de-lautomobil\/\" title=\"Read La gran aventura de l&#8217;autom\u00f2bil\">Llegeix m\u00e9s\u00bb<\/a><\/p>\n","protected":false},"author":171,"featured_media":8503,"comment_status":"open","ping_status":"closed","sticky":false,"template":"","format":"standard","meta":{"_bbp_topic_count":0,"_bbp_reply_count":0,"_bbp_total_topic_count":0,"_bbp_total_reply_count":0,"_bbp_voice_count":0,"_bbp_anonymous_reply_count":0,"_bbp_topic_count_hidden":0,"_bbp_reply_count_hidden":0,"_bbp_forum_subforum_count":0,"footnotes":""},"categories":[1,131],"tags":[],"class_list":["post-8200","post","type-post","status-publish","format-standard","has-post-thumbnail","hentry","category-general","category-setmana-de-la-ciencia"],"post_mailing_queue_ids":[],"_links":{"self":[{"href":"https:\/\/agora.xtec.cat\/escolalavilapalamos\/wp-json\/wp\/v2\/posts\/8200","targetHints":{"allow":["GET"]}}],"collection":[{"href":"https:\/\/agora.xtec.cat\/escolalavilapalamos\/wp-json\/wp\/v2\/posts"}],"about":[{"href":"https:\/\/agora.xtec.cat\/escolalavilapalamos\/wp-json\/wp\/v2\/types\/post"}],"author":[{"embeddable":true,"href":"https:\/\/agora.xtec.cat\/escolalavilapalamos\/wp-json\/wp\/v2\/users\/171"}],"replies":[{"embeddable":true,"href":"https:\/\/agora.xtec.cat\/escolalavilapalamos\/wp-json\/wp\/v2\/comments?post=8200"}],"version-history":[{"count":3,"href":"https:\/\/agora.xtec.cat\/escolalavilapalamos\/wp-json\/wp\/v2\/posts\/8200\/revisions"}],"predecessor-version":[{"id":8523,"href":"https:\/\/agora.xtec.cat\/escolalavilapalamos\/wp-json\/wp\/v2\/posts\/8200\/revisions\/8523"}],"wp:featuredmedia":[{"embeddable":true,"href":"https:\/\/agora.xtec.cat\/escolalavilapalamos\/wp-json\/wp\/v2\/media\/8503"}],"wp:attachment":[{"href":"https:\/\/agora.xtec.cat\/escolalavilapalamos\/wp-json\/wp\/v2\/media?parent=8200"}],"wp:term":[{"taxonomy":"category","embeddable":true,"href":"https:\/\/agora.xtec.cat\/escolalavilapalamos\/wp-json\/wp\/v2\/categories?post=8200"},{"taxonomy":"post_tag","embeddable":true,"href":"https:\/\/agora.xtec.cat\/escolalavilapalamos\/wp-json\/wp\/v2\/tags?post=8200"}],"curies":[{"name":"wp","href":"https:\/\/api.w.org\/{rel}","templated":true}]}}