{"id":8163,"date":"2020-11-16T11:35:29","date_gmt":"2020-11-16T10:35:29","guid":{"rendered":"http:\/\/agora.xtec.cat\/escolalavilapalamos\/?p=8163"},"modified":"2020-11-16T17:11:39","modified_gmt":"2020-11-16T16:11:39","slug":"laboratori-de-transformacio-educativa","status":"publish","type":"post","link":"https:\/\/agora.xtec.cat\/escolalavilapalamos\/general\/laboratori-de-transformacio-educativa\/","title":{"rendered":"Laboratori de transformaci\u00f3 educativa"},"content":{"rendered":"<p dir=\"ltr\">El Departament d&#8217;Educaci\u00f3 \u00a0impulsa <strong>la transformaci\u00f3 educativa<\/strong> a trav\u00e9s d\u2019un program<a href=\"https:\/\/agora.xtec.cat\/escolalavilapalamos\/wp-content\/uploads\/usu897\/2020\/11\/Logo-Lab-3-e1583245173673.jpg\"><img loading=\"lazy\" decoding=\"async\" class=\" wp-image-8164 alignright\" src=\"https:\/\/agora.xtec.cat\/escolalavilapalamos\/wp-content\/uploads\/usu897\/2020\/11\/Logo-Lab-3-e1583245173673.jpg\" alt=\"\" width=\"337\" height=\"253\" srcset=\"https:\/\/agora.xtec.cat\/escolalavilapalamos\/wp-content\/uploads\/usu897\/2020\/11\/Logo-Lab-3-e1583245173673.jpg 400w, https:\/\/agora.xtec.cat\/escolalavilapalamos\/wp-content\/uploads\/usu897\/2020\/11\/Logo-Lab-3-e1583245173673-300x225.jpg 300w, https:\/\/agora.xtec.cat\/escolalavilapalamos\/wp-content\/uploads\/usu897\/2020\/11\/Logo-Lab-3-e1583245173673-200x150.jpg 200w\" sizes=\"auto, (max-width: 337px) 100vw, 337px\" \/><\/a>a d\u2019innovaci\u00f3 que es diu<span style=\"color: #791a3d;\"><a href=\"https:\/\/projectes.xtec.cat\/transformacioenxarxa\/\">\u00a0<strong>\u201cLaboratori de Transformaci\u00f3 \u00a0educativa \u201c<\/strong><\/a> .<\/span><\/p>\n<p dir=\"ltr\">Aquest programa es fonamenta en diverses experi\u00e8ncies reeixides i , especialment, del programa d\u2019Escola Nova 21 en el que La Vila va formar part durant els tres anys que es va dur a terme. Aquest curs entrem a formar part d\u2019aquest nou projecte d\u2019innovaci\u00f3 del Departament.<\/p>\n<p dir=\"ltr\">Aquest programa consisteix en <strong>l\u2019aprenentatge compartit dels centres que en formem part<\/strong>, alguns en processos molt avan\u00e7ats, en cam\u00ed o comen\u00e7ant el proc\u00e9s. L\u2019objectiu \u00e9s induir a la transformaci\u00f3 de manera accelerada, a partir de la realitat singular de cada centre i d\u2019una exhaustiva diagnosi del seu projecte pedag\u00f2gic.<\/p>\n<p dir=\"ltr\"><strong>Les fam\u00edlies tamb\u00e9 podreu participar d\u2019aquest proc\u00e9s. Us anirem informant del com i el quan<\/strong>.\u00a0<i><u>De moment us convidem a saber m\u00e9s del projecte i de tot all\u00f2 que suposa la transformaci\u00f3 educativa<\/u><\/i>. Per facilitar la trobada ja que en aquests moments haur\u00e0 de ser en videoconfer\u00e8ncia, agrairem a tots i totes els que estigueu interessats en saber-ne m\u00e9s, envieu a la vostra tutora o tutor un correu comentant que hi estar\u00edeu interessats \u00a0i en quina franja hor\u00e0ria us aniria m\u00e9s b\u00e9. Abans que finalitzi aquest primer trimestre haur\u00edem de trobar la data, per tant teniu temps fins el 30 de novembre per enviar el mail als tutors\/tutores.<\/p>\n<p dir=\"ltr\">Avancem junts per una educaci\u00f3 de qualitat<\/p>\n<p dir=\"ltr\">Equip docents de l\u2019escola La Vila<\/p>\n","protected":false},"excerpt":{"rendered":"<p>El Departament d&#8217;Educaci\u00f3 \u00a0impulsa la transformaci\u00f3 educativa a trav\u00e9s d\u2019un program<a href=\"https:\/\/agora.xtec.cat\/escolalavilapalamos\/wp-content\/uploads\/usu897\/2020\/11\/Logo-Lab-3-e1583245173673.jpg\"><\/a>a d\u2019innovaci\u00f3 que es diu<a href=\"https:\/\/projectes.xtec.cat\/transformacioenxarxa\/\">\u00a0\u201cLaboratori de Transformaci\u00f3 \u00a0educativa \u201c<\/a> .<br \/>\nAquest programa es fonamenta en diverses experi\u00e8ncies reeixides i , especialment, del programa d\u2019Escola Nova 21 en el que La Vila va formar part&hellip;  <a href=\"https:\/\/agora.xtec.cat\/escolalavilapalamos\/general\/laboratori-de-transformacio-educativa\/\" title=\"Read Laboratori de transformaci\u00f3 educativa\">Llegeix m\u00e9s\u00bb<\/a><\/p>\n","protected":false},"author":1,"featured_media":8164,"comment_status":"open","ping_status":"closed","sticky":false,"template":"","format":"standard","meta":{"_bbp_topic_count":0,"_bbp_reply_count":0,"_bbp_total_topic_count":0,"_bbp_total_reply_count":0,"_bbp_voice_count":0,"_bbp_anonymous_reply_count":0,"_bbp_topic_count_hidden":0,"_bbp_reply_count_hidden":0,"_bbp_forum_subforum_count":0,"footnotes":""},"categories":[1,4],"tags":[],"class_list":["post-8163","post","type-post","status-publish","format-standard","has-post-thumbnail","hentry","category-general","category-portada"],"post_mailing_queue_ids":[],"_links":{"self":[{"href":"https:\/\/agora.xtec.cat\/escolalavilapalamos\/wp-json\/wp\/v2\/posts\/8163","targetHints":{"allow":["GET"]}}],"collection":[{"href":"https:\/\/agora.xtec.cat\/escolalavilapalamos\/wp-json\/wp\/v2\/posts"}],"about":[{"href":"https:\/\/agora.xtec.cat\/escolalavilapalamos\/wp-json\/wp\/v2\/types\/post"}],"author":[{"embeddable":true,"href":"https:\/\/agora.xtec.cat\/escolalavilapalamos\/wp-json\/wp\/v2\/users\/1"}],"replies":[{"embeddable":true,"href":"https:\/\/agora.xtec.cat\/escolalavilapalamos\/wp-json\/wp\/v2\/comments?post=8163"}],"version-history":[{"count":1,"href":"https:\/\/agora.xtec.cat\/escolalavilapalamos\/wp-json\/wp\/v2\/posts\/8163\/revisions"}],"predecessor-version":[{"id":8165,"href":"https:\/\/agora.xtec.cat\/escolalavilapalamos\/wp-json\/wp\/v2\/posts\/8163\/revisions\/8165"}],"wp:featuredmedia":[{"embeddable":true,"href":"https:\/\/agora.xtec.cat\/escolalavilapalamos\/wp-json\/wp\/v2\/media\/8164"}],"wp:attachment":[{"href":"https:\/\/agora.xtec.cat\/escolalavilapalamos\/wp-json\/wp\/v2\/media?parent=8163"}],"wp:term":[{"taxonomy":"category","embeddable":true,"href":"https:\/\/agora.xtec.cat\/escolalavilapalamos\/wp-json\/wp\/v2\/categories?post=8163"},{"taxonomy":"post_tag","embeddable":true,"href":"https:\/\/agora.xtec.cat\/escolalavilapalamos\/wp-json\/wp\/v2\/tags?post=8163"}],"curies":[{"name":"wp","href":"https:\/\/api.w.org\/{rel}","templated":true}]}}