{"id":8148,"date":"2020-11-13T19:27:55","date_gmt":"2020-11-13T18:27:55","guid":{"rendered":"http:\/\/agora.xtec.cat\/escolalavilapalamos\/?p=8148"},"modified":"2020-11-18T11:45:27","modified_gmt":"2020-11-18T10:45:27","slug":"la-tardor-a-2n","status":"publish","type":"post","link":"https:\/\/agora.xtec.cat\/escolalavilapalamos\/general\/la-tardor-a-2n\/","title":{"rendered":"La Tardor a 2n"},"content":{"rendered":"<h6 style=\"text-align: left;\"><a href=\"https:\/\/agora.xtec.cat\/escolalavilapalamos\/wp-content\/uploads\/usu897\/2020\/11\/IMG_20201113_152721.jpg\"><img loading=\"lazy\" decoding=\"async\" class=\"wp-image-8153 alignright\" src=\"https:\/\/agora.xtec.cat\/escolalavilapalamos\/wp-content\/uploads\/usu897\/2020\/11\/IMG_20201113_152721-1024x768.jpg\" alt=\"\" width=\"356\" height=\"267\" srcset=\"https:\/\/agora.xtec.cat\/escolalavilapalamos\/wp-content\/uploads\/usu897\/2020\/11\/IMG_20201113_152721-1024x768.jpg 1024w, https:\/\/agora.xtec.cat\/escolalavilapalamos\/wp-content\/uploads\/usu897\/2020\/11\/IMG_20201113_152721-300x225.jpg 300w, https:\/\/agora.xtec.cat\/escolalavilapalamos\/wp-content\/uploads\/usu897\/2020\/11\/IMG_20201113_152721-768x576.jpg 768w, https:\/\/agora.xtec.cat\/escolalavilapalamos\/wp-content\/uploads\/usu897\/2020\/11\/IMG_20201113_152721-200x150.jpg 200w, https:\/\/agora.xtec.cat\/escolalavilapalamos\/wp-content\/uploads\/usu897\/2020\/11\/IMG_20201113_152721.jpg 1263w\" sizes=\"auto, (max-width: 356px) 100vw, 356px\" \/><\/a><a href=\"https:\/\/agora.xtec.cat\/escolalavilapalamos\/wp-content\/uploads\/usu897\/2020\/11\/falling-leaves-1.gif\"><img loading=\"lazy\" decoding=\"async\" class=\"wp-image-8155 alignright\" src=\"https:\/\/agora.xtec.cat\/escolalavilapalamos\/wp-content\/uploads\/usu897\/2020\/11\/falling-leaves-1.gif\" alt=\"\" width=\"345\" height=\"259\" \/><\/a>Encara que de vegades sembla que som a l&#8217;estiu, ja fa temps que ha arribat <strong>la tardor !<\/strong><\/h6>\n<div>Les classes de 2n , mirant el\u00a0 nostre entorn,\u00a0 hem descobert que\u00a0 la Tardor ha entrat a l&#8217;escola !<\/div>\n<div>Observant, parlant, investigant, l&#8217;hem trobat en els arbres del\u00a0 pati.<\/div>\n<div>Els ametllers, els magraners, l&#8217;olivera &#8230; ens han parlat de la tardor amb el color de les seves fulles i amb els seus fruits, les ametlles, magranes, olives&#8230;<\/div>\n<div>Ei, heu vist? L&#8217;arbre i el fruit tenen noms molt semblants;\u00a0 i \u00e9s\u00a0 perqu\u00e8 s\u00f3n de la mateixa fam\u00edlia&#8230; Com nosaltres,\u00a0 que ens deixem els cognoms amb la nostra fam\u00edlia!<\/div>\n<div>Tamb\u00e9 ens hem adonat que sovint dibuixem els arbres tots iguals, per\u00f2 que fixant-nos-hi b\u00e9, la forma, la mida i el color del tronc, de les branques, de les fulles, els fa a cadascun ben diferents&#8230;. !<\/div>\n<div>I com que investigar fa venir gana, vam disfrutar menjant uns fruits de tardor bon\u00edssims que vam dur a classe, fruits\u00a0amb suc i fruits\u00a0secs: figues, ra\u00efm, peres, caquis, taronges, i fins i tot moniatos. Vam descobrir-ne alguns que ens van cridar l&#8217;atenci\u00f3 pel color o la forma.<\/div>\n<div>I perqu\u00e8 no se&#8217;ns escap\u00e9s cap detall, vam fer d&#8217;artistes pintant i dibuixant aquests grans moments&#8230;.<\/div>\n<div><\/div>\n<div><a href=\"https:\/\/photos.app.goo.gl\/ipZEjeQ7AgSVJgmP6\">A<\/a><a href=\"https:\/\/photos.app.goo.gl\/ipZEjeQ7AgSVJgmP6\">qu\u00ed<\/a> teniu el nostre reportatge fotogr\u00e0fic !<\/div>\n<div class=\"yj6qo\"><\/div>\n<div class=\"adL\"><\/div>\n","protected":false},"excerpt":{"rendered":"<p><a href=\"https:\/\/agora.xtec.cat\/escolalavilapalamos\/wp-content\/uploads\/usu897\/2020\/11\/IMG_20201113_152721.jpg\"><\/a><a href=\"https:\/\/agora.xtec.cat\/escolalavilapalamos\/wp-content\/uploads\/usu897\/2020\/11\/falling-leaves-1.gif\"><\/a>Encara que de vegades sembla que som a l&#8217;estiu, ja fa temps que ha arribat la tardor !<br \/>\nLes classes de 2n , mirant el\u00a0 nostre entorn,\u00a0 hem descobert que\u00a0 la Tardor ha entrat a l&#8217;escola !<br \/>\nObservant, parlant, investigant, l&#8217;hem trobat en els arbres&hellip;  <a href=\"https:\/\/agora.xtec.cat\/escolalavilapalamos\/general\/la-tardor-a-2n\/\" title=\"Read La Tardor a 2n\">Llegeix m\u00e9s\u00bb<\/a><\/p>\n","protected":false},"author":46,"featured_media":8155,"comment_status":"open","ping_status":"closed","sticky":false,"template":"","format":"standard","meta":{"_bbp_topic_count":0,"_bbp_reply_count":0,"_bbp_total_topic_count":0,"_bbp_total_reply_count":0,"_bbp_voice_count":0,"_bbp_anonymous_reply_count":0,"_bbp_topic_count_hidden":0,"_bbp_reply_count_hidden":0,"_bbp_forum_subforum_count":0,"footnotes":""},"categories":[127,1,4],"tags":[],"class_list":["post-8148","post","type-post","status-publish","format-standard","has-post-thumbnail","hentry","category-comunitat-de-mitjans","category-general","category-portada"],"post_mailing_queue_ids":[],"_links":{"self":[{"href":"https:\/\/agora.xtec.cat\/escolalavilapalamos\/wp-json\/wp\/v2\/posts\/8148","targetHints":{"allow":["GET"]}}],"collection":[{"href":"https:\/\/agora.xtec.cat\/escolalavilapalamos\/wp-json\/wp\/v2\/posts"}],"about":[{"href":"https:\/\/agora.xtec.cat\/escolalavilapalamos\/wp-json\/wp\/v2\/types\/post"}],"author":[{"embeddable":true,"href":"https:\/\/agora.xtec.cat\/escolalavilapalamos\/wp-json\/wp\/v2\/users\/46"}],"replies":[{"embeddable":true,"href":"https:\/\/agora.xtec.cat\/escolalavilapalamos\/wp-json\/wp\/v2\/comments?post=8148"}],"version-history":[{"count":3,"href":"https:\/\/agora.xtec.cat\/escolalavilapalamos\/wp-json\/wp\/v2\/posts\/8148\/revisions"}],"predecessor-version":[{"id":8157,"href":"https:\/\/agora.xtec.cat\/escolalavilapalamos\/wp-json\/wp\/v2\/posts\/8148\/revisions\/8157"}],"wp:featuredmedia":[{"embeddable":true,"href":"https:\/\/agora.xtec.cat\/escolalavilapalamos\/wp-json\/wp\/v2\/media\/8155"}],"wp:attachment":[{"href":"https:\/\/agora.xtec.cat\/escolalavilapalamos\/wp-json\/wp\/v2\/media?parent=8148"}],"wp:term":[{"taxonomy":"category","embeddable":true,"href":"https:\/\/agora.xtec.cat\/escolalavilapalamos\/wp-json\/wp\/v2\/categories?post=8148"},{"taxonomy":"post_tag","embeddable":true,"href":"https:\/\/agora.xtec.cat\/escolalavilapalamos\/wp-json\/wp\/v2\/tags?post=8148"}],"curies":[{"name":"wp","href":"https:\/\/api.w.org\/{rel}","templated":true}]}}