{"id":8145,"date":"2020-11-13T19:43:30","date_gmt":"2020-11-13T18:43:30","guid":{"rendered":"http:\/\/agora.xtec.cat\/escolalavilapalamos\/?p=8145"},"modified":"2020-11-16T11:36:15","modified_gmt":"2020-11-16T10:36:15","slug":"viatgem-de-5e","status":"publish","type":"post","link":"https:\/\/agora.xtec.cat\/escolalavilapalamos\/general\/viatgem-de-5e\/","title":{"rendered":"Viatgem de 5\u00e8"},"content":{"rendered":"<p><span style=\"font-weight: 400;\">Els alumnes de 5\u00e8\u00a0 duem a terme el \u201c<\/span><b>Viatgem<\/b><span style=\"font-weight: 400;\">\u201d.<a href=\"https:\/\/photos.app.goo.gl\/UxeEkQCiKJpg3p7u8\"><img loading=\"lazy\" decoding=\"async\" class=\"wp-image-8146 alignleft\" src=\"https:\/\/agora.xtec.cat\/escolalavilapalamos\/wp-content\/uploads\/usu897\/2020\/11\/Nora-1024x768.jpg\" alt=\"\" width=\"456\" height=\"342\" srcset=\"https:\/\/agora.xtec.cat\/escolalavilapalamos\/wp-content\/uploads\/usu897\/2020\/11\/Nora-1024x768.jpg 1024w, https:\/\/agora.xtec.cat\/escolalavilapalamos\/wp-content\/uploads\/usu897\/2020\/11\/Nora-300x225.jpg 300w, https:\/\/agora.xtec.cat\/escolalavilapalamos\/wp-content\/uploads\/usu897\/2020\/11\/Nora-768x576.jpg 768w, https:\/\/agora.xtec.cat\/escolalavilapalamos\/wp-content\/uploads\/usu897\/2020\/11\/Nora-200x150.jpg 200w, https:\/\/agora.xtec.cat\/escolalavilapalamos\/wp-content\/uploads\/usu897\/2020\/11\/Nora.jpg 1217w\" sizes=\"auto, (max-width: 456px) 100vw, 456px\" \/><\/a><\/span><\/p>\n<p><span style=\"font-weight: 400;\">Aquesta din\u00e0mica consisteix en que, setmanalment, un nen ha de buscar una fotografia d\u2019un lloc de Catalunya on hagi estat o on li agradaria anar. Aquesta fotografia queda penjada a la plataforma Google Classroom. La resta de la classe ha d\u2019endevinar , o investigar, a quin lloc ha viatjat, ha de comentar el nom del lloc, la ciutat o el poble, la comarca i la prov\u00edncia a trav\u00e9s d\u2019un comentari o una tasca privada al tutor (sense que la resta de l\u2019alumnat ho vegi). El nen o nena que aquella setmana viatja ha de preparar una exposici\u00f3 sobre el lloc utilitzant el mitj\u00e0 que vulgui (una presentaci\u00f3 Powerpoint, una manualitat, un mural, etc).\u00a0 Un cop realitzada l\u2019exposici\u00f3, la resta d\u2019alumnat t\u00e9 un passaport on consten els municipis i comarques que van identificant. Si els alumnes encerten el lloc reben un segell pel seu passaport. A m\u00e9s, en un mapa mut han de situar el lloc on s\u2019ha viatjat aquella setmana.\u00a0<\/span><\/p>\n<p><span style=\"font-weight: 400;\">El viatgem \u00e9s un petit treball de recerca, ubicaci\u00f3 i presentaci\u00f3 que permet als alumnes con\u00e8ixer diferents llocs de Catalunya aix\u00ed com les prov\u00edncies, comarques i pobles. Els nens se senten protagonistes durant aquella setmana i poden triar un lloc que els agradi o que els porti bons records. Considerem que \u00e9s una manera l\u00fadica de familiaritzar-se amb el mapa de Catalunya i aprendre el nom d\u2019algunes comarques i capitals provincials.<\/span><\/p>\n<p><span style=\"font-weight: 400;\">Tamb\u00e9 pensem que el viatgem \u00e9s una de les moltes eines digitals que utilitzem a 5\u00e8 per tal que els alumnes manipulin l\u2019ordinador i aprenguin a cercar, seleccionar, processar i enregistrar la informaci\u00f3.<\/span><\/p>\n<p><span style=\"font-weight: 400;\">Seguirem visitant molts llocs tots plegats sense la necessitat de sortir de l\u2019aula! <\/span><\/p>\n<p><em>Per veure m\u00e9s fotografies sobre el projecte clica sobre la imatge<\/em><\/p>\n<p>&nbsp;<\/p>\n","protected":false},"excerpt":{"rendered":"<p>Els alumnes de 5\u00e8\u00a0 duem a terme el \u201cViatgem\u201d.<a href=\"https:\/\/photos.app.goo.gl\/UxeEkQCiKJpg3p7u8\"><\/a><br \/>\nAquesta din\u00e0mica consisteix en que, setmanalment, un nen ha de buscar una fotografia d\u2019un lloc de Catalunya on hagi estat o on li agradaria anar. Aquesta fotografia queda penjada a la plataforma Google Classroom. La resta&hellip;  <a href=\"https:\/\/agora.xtec.cat\/escolalavilapalamos\/general\/viatgem-de-5e\/\" title=\"Read Viatgem de 5\u00e8\">Llegeix m\u00e9s\u00bb<\/a><\/p>\n","protected":false},"author":132,"featured_media":8146,"comment_status":"open","ping_status":"closed","sticky":false,"template":"","format":"standard","meta":{"_bbp_topic_count":0,"_bbp_reply_count":0,"_bbp_total_topic_count":0,"_bbp_total_reply_count":0,"_bbp_voice_count":0,"_bbp_anonymous_reply_count":0,"_bbp_topic_count_hidden":0,"_bbp_reply_count_hidden":0,"_bbp_forum_subforum_count":0,"footnotes":""},"categories":[128,1,4,5],"tags":[],"class_list":["post-8145","post","type-post","status-publish","format-standard","has-post-thumbnail","hentry","category-comunitat-de-grans","category-general","category-portada","category-primaria"],"post_mailing_queue_ids":[],"_links":{"self":[{"href":"https:\/\/agora.xtec.cat\/escolalavilapalamos\/wp-json\/wp\/v2\/posts\/8145","targetHints":{"allow":["GET"]}}],"collection":[{"href":"https:\/\/agora.xtec.cat\/escolalavilapalamos\/wp-json\/wp\/v2\/posts"}],"about":[{"href":"https:\/\/agora.xtec.cat\/escolalavilapalamos\/wp-json\/wp\/v2\/types\/post"}],"author":[{"embeddable":true,"href":"https:\/\/agora.xtec.cat\/escolalavilapalamos\/wp-json\/wp\/v2\/users\/132"}],"replies":[{"embeddable":true,"href":"https:\/\/agora.xtec.cat\/escolalavilapalamos\/wp-json\/wp\/v2\/comments?post=8145"}],"version-history":[{"count":2,"href":"https:\/\/agora.xtec.cat\/escolalavilapalamos\/wp-json\/wp\/v2\/posts\/8145\/revisions"}],"predecessor-version":[{"id":8158,"href":"https:\/\/agora.xtec.cat\/escolalavilapalamos\/wp-json\/wp\/v2\/posts\/8145\/revisions\/8158"}],"wp:featuredmedia":[{"embeddable":true,"href":"https:\/\/agora.xtec.cat\/escolalavilapalamos\/wp-json\/wp\/v2\/media\/8146"}],"wp:attachment":[{"href":"https:\/\/agora.xtec.cat\/escolalavilapalamos\/wp-json\/wp\/v2\/media?parent=8145"}],"wp:term":[{"taxonomy":"category","embeddable":true,"href":"https:\/\/agora.xtec.cat\/escolalavilapalamos\/wp-json\/wp\/v2\/categories?post=8145"},{"taxonomy":"post_tag","embeddable":true,"href":"https:\/\/agora.xtec.cat\/escolalavilapalamos\/wp-json\/wp\/v2\/tags?post=8145"}],"curies":[{"name":"wp","href":"https:\/\/api.w.org\/{rel}","templated":true}]}}