{"id":8136,"date":"2020-11-11T17:16:11","date_gmt":"2020-11-11T16:16:11","guid":{"rendered":"http:\/\/agora.xtec.cat\/escolalavilapalamos\/?p=8136"},"modified":"2020-11-13T19:44:37","modified_gmt":"2020-11-13T18:44:37","slug":"el-contacte-amb-els-pares-i-mares-delegats-daula","status":"publish","type":"post","link":"https:\/\/agora.xtec.cat\/escolalavilapalamos\/general\/el-contacte-amb-els-pares-i-mares-delegats-daula\/","title":{"rendered":"El contacte amb els pares i mares delegats d&#8217;aula"},"content":{"rendered":"<p>Tots els grups-classe tenen <strong>un pare o mare delegat\/da d&#8217;aula<\/strong> que representa les fam\u00edlies de cada classe. <a href=\"https:\/\/agora.xtec.cat\/escolalavilapalamos\/wp-content\/uploads\/usu897\/2020\/11\/delegats.jpg\"><img loading=\"lazy\" decoding=\"async\" class=\"wp-image-8138 alignright\" src=\"https:\/\/agora.xtec.cat\/escolalavilapalamos\/wp-content\/uploads\/usu897\/2020\/11\/delegats.jpg\" alt=\"\" width=\"337\" height=\"342\" srcset=\"https:\/\/agora.xtec.cat\/escolalavilapalamos\/wp-content\/uploads\/usu897\/2020\/11\/delegats.jpg 614w, https:\/\/agora.xtec.cat\/escolalavilapalamos\/wp-content\/uploads\/usu897\/2020\/11\/delegats-296x300.jpg 296w\" sizes=\"auto, (max-width: 337px) 100vw, 337px\" \/><\/a><\/p>\n<p><strong>Quines tasques tenen el pare\/mare delegat\/da?<\/strong><\/p>\n<p>&#8211; \u00c9sser un punt de refer\u00e8ncia per canalitzar les preocupacions, detecci\u00f3 d\u2019inquietuds que els pares puguin tenir en temes referents a l\u2019educaci\u00f3 dels seus fills\/es. Exemple: manera d\u2019organitzar i poder ajudar a casa amb el tema\u00a0 d\u2019estudi, h\u00e0bits saludables&#8230; Proposar xerrades informatives.<\/p>\n<p>&#8211; Acompanyar en sortides pel poble (comunitat de petits) o en alguna activitat d\u2019\u00e0mbit municipal (comunitat de petits, mitjans i grans).<\/p>\n<p>&#8211; Ajudar en l&#8217; elaboraci\u00f3 de material did\u00e0ctic pels alumnes: retallar, pintar&#8230; Preparaci\u00f3 de decorats, disfresses, maquillatges (en el cas de fer alguna representaci\u00f3 teatral)<\/p>\n<p>&#8211; Promoure activitats per realitzar entre les fam\u00edlies i con\u00e8ixer-se millor.<\/p>\n<p>&#8211; Animar a la resta de fam\u00edlies a participar de les activitats proposades per l\u2019escola. Per exemple: reunions inici de curs, xerrades informatives sobre temes d\u2019inter\u00e8s, festivitats i\/o cloendes d&#8217; activitats&#8230;<\/p>\n<p>&#8211; Anar a les assemblees de l\u2019AMPA.<\/p>\n<p>&#8211; Col\u00b7laboraci\u00f3 permanent amb l\u2019AMPA de l\u2019Escola tenint en compte que la informaci\u00f3 flueixi en ambd\u00f3s sentits. L\u2019 AMPA us considera pe\u00e7a clau per arribar a les fam\u00edlies de les vostres respectives aules, aix\u00ed com per ajudar-vos a canalitzar qualsevol situaci\u00f3 que us pugui sorgir.<\/p>\n<p>Aquest curs 2020-21 els pares i mares delegats\/des d&#8217;aula tenen un correu propi per rebre totes les inquietuds, comentaris, necessitats de les fam\u00edlies de cada grup-classe.<\/p>\n<p><strong>Quin \u00e9s el correu per poder comunicar-me amb el pare\/mare delegat ?<\/strong><\/p>\n<p><a href=\"https:\/\/drive.google.com\/file\/d\/13xkJPGJ34-ad8Z1PaS6nY7mxQCo9Ew8c\/view?usp=sharing\">Aqu\u00ed teniu tot el llistat de pares i mares delegats d&#8217;aquest curs i el seu correu electr\u00f2nic<\/a> .<\/p>\n","protected":false},"excerpt":{"rendered":"<p>Tots els grups-classe tenen un pare o mare delegat\/da d&#8217;aula que representa les fam\u00edlies de cada classe. <a href=\"https:\/\/agora.xtec.cat\/escolalavilapalamos\/wp-content\/uploads\/usu897\/2020\/11\/delegats.jpg\"><\/a><br \/>\nQuines tasques tenen el pare\/mare delegat\/da?<br \/>\n&#8211; \u00c9sser un punt de refer\u00e8ncia per canalitzar les preocupacions, detecci\u00f3 d\u2019inquietuds que els pares puguin tenir en temes referents a l\u2019educaci\u00f3&hellip;  <a href=\"https:\/\/agora.xtec.cat\/escolalavilapalamos\/general\/el-contacte-amb-els-pares-i-mares-delegats-daula\/\" title=\"Read El contacte amb els pares i mares delegats d&#8217;aula\">Llegeix m\u00e9s\u00bb<\/a><\/p>\n","protected":false},"author":1,"featured_media":8138,"comment_status":"open","ping_status":"closed","sticky":false,"template":"","format":"standard","meta":{"_bbp_topic_count":0,"_bbp_reply_count":0,"_bbp_total_topic_count":0,"_bbp_total_reply_count":0,"_bbp_voice_count":0,"_bbp_anonymous_reply_count":0,"_bbp_topic_count_hidden":0,"_bbp_reply_count_hidden":0,"_bbp_forum_subforum_count":0,"footnotes":""},"categories":[1,4],"tags":[],"class_list":["post-8136","post","type-post","status-publish","format-standard","has-post-thumbnail","hentry","category-general","category-portada"],"post_mailing_queue_ids":[],"_links":{"self":[{"href":"https:\/\/agora.xtec.cat\/escolalavilapalamos\/wp-json\/wp\/v2\/posts\/8136","targetHints":{"allow":["GET"]}}],"collection":[{"href":"https:\/\/agora.xtec.cat\/escolalavilapalamos\/wp-json\/wp\/v2\/posts"}],"about":[{"href":"https:\/\/agora.xtec.cat\/escolalavilapalamos\/wp-json\/wp\/v2\/types\/post"}],"author":[{"embeddable":true,"href":"https:\/\/agora.xtec.cat\/escolalavilapalamos\/wp-json\/wp\/v2\/users\/1"}],"replies":[{"embeddable":true,"href":"https:\/\/agora.xtec.cat\/escolalavilapalamos\/wp-json\/wp\/v2\/comments?post=8136"}],"version-history":[{"count":3,"href":"https:\/\/agora.xtec.cat\/escolalavilapalamos\/wp-json\/wp\/v2\/posts\/8136\/revisions"}],"predecessor-version":[{"id":8142,"href":"https:\/\/agora.xtec.cat\/escolalavilapalamos\/wp-json\/wp\/v2\/posts\/8136\/revisions\/8142"}],"wp:featuredmedia":[{"embeddable":true,"href":"https:\/\/agora.xtec.cat\/escolalavilapalamos\/wp-json\/wp\/v2\/media\/8138"}],"wp:attachment":[{"href":"https:\/\/agora.xtec.cat\/escolalavilapalamos\/wp-json\/wp\/v2\/media?parent=8136"}],"wp:term":[{"taxonomy":"category","embeddable":true,"href":"https:\/\/agora.xtec.cat\/escolalavilapalamos\/wp-json\/wp\/v2\/categories?post=8136"},{"taxonomy":"post_tag","embeddable":true,"href":"https:\/\/agora.xtec.cat\/escolalavilapalamos\/wp-json\/wp\/v2\/tags?post=8136"}],"curies":[{"name":"wp","href":"https:\/\/api.w.org\/{rel}","templated":true}]}}