{"id":8125,"date":"2020-11-11T13:14:08","date_gmt":"2020-11-11T12:14:08","guid":{"rendered":"http:\/\/agora.xtec.cat\/escolalavilapalamos\/?p=8125"},"modified":"2020-11-13T14:47:56","modified_gmt":"2020-11-13T13:47:56","slug":"musica-en-directe-a-lescola-3","status":"publish","type":"post","link":"https:\/\/agora.xtec.cat\/escolalavilapalamos\/general\/musica-en-directe-a-lescola-3\/","title":{"rendered":"M\u00fasica en directe a l&#8217;escola"},"content":{"rendered":"<p>Cada dia a l&#8217;escola entrem i sortim amb m\u00fasica.<\/p>\n<p>La M\u00fasica canvia cada setmana i es posa tot tipus d&#8217;estils musicals, grups, etc. Aquesta setmana escoltem peces de <a href=\"https:\/\/ca.wikipedia.org\/wiki\/Fr%C3%A9d%C3%A9ric_Chopin\">Fr\u00e9d\u00e9ric Chopin<\/a>.<\/p>\n<p>Un dia a la setmana escoltem m\u00fasica en directe gr\u00e0cies als nostres alumnes m\u00fasics: en Marc Fern\u00e0ndez, en Tiziano i l&#8217;Ulises Porcel han tocat el piano. S\u00f3n uns artistes !<\/p>\n<p><a href=\"https:\/\/agora.xtec.cat\/escolalavilapalamos\/wp-content\/uploads\/usu897\/2020\/11\/WhatsApp-Image-2020-11-11-at-08.31.28-2.jpeg\"><img loading=\"lazy\" decoding=\"async\" class=\"wp-image-8126 alignleft\" src=\"https:\/\/agora.xtec.cat\/escolalavilapalamos\/wp-content\/uploads\/usu897\/2020\/11\/WhatsApp-Image-2020-11-11-at-08.31.28-2.jpeg\" alt=\"\" width=\"235\" height=\"233\" srcset=\"https:\/\/agora.xtec.cat\/escolalavilapalamos\/wp-content\/uploads\/usu897\/2020\/11\/WhatsApp-Image-2020-11-11-at-08.31.28-2.jpeg 566w, https:\/\/agora.xtec.cat\/escolalavilapalamos\/wp-content\/uploads\/usu897\/2020\/11\/WhatsApp-Image-2020-11-11-at-08.31.28-2-150x150.jpeg 150w, https:\/\/agora.xtec.cat\/escolalavilapalamos\/wp-content\/uploads\/usu897\/2020\/11\/WhatsApp-Image-2020-11-11-at-08.31.28-2-300x297.jpeg 300w\" sizes=\"auto, (max-width: 235px) 100vw, 235px\" \/><\/a> <a href=\"https:\/\/agora.xtec.cat\/escolalavilapalamos\/wp-content\/uploads\/usu897\/2020\/11\/WhatsApp-Image-2020-11-11-at-08.31.28.jpeg\"><img loading=\"lazy\" decoding=\"async\" class=\"wp-image-8127 alignnone\" src=\"https:\/\/agora.xtec.cat\/escolalavilapalamos\/wp-content\/uploads\/usu897\/2020\/11\/WhatsApp-Image-2020-11-11-at-08.31.28.jpeg\" alt=\"\" width=\"303\" height=\"246\" srcset=\"https:\/\/agora.xtec.cat\/escolalavilapalamos\/wp-content\/uploads\/usu897\/2020\/11\/WhatsApp-Image-2020-11-11-at-08.31.28.jpeg 422w, https:\/\/agora.xtec.cat\/escolalavilapalamos\/wp-content\/uploads\/usu897\/2020\/11\/WhatsApp-Image-2020-11-11-at-08.31.28-300x244.jpeg 300w\" sizes=\"auto, (max-width: 303px) 100vw, 303px\" \/><\/a><a href=\"https:\/\/agora.xtec.cat\/escolalavilapalamos\/wp-content\/uploads\/usu897\/2020\/11\/WhatsApp-Image-2020-11-13-at-10.36.35.jpeg\"><img loading=\"lazy\" decoding=\"async\" class=\"wp-image-8150 alignright\" src=\"https:\/\/agora.xtec.cat\/escolalavilapalamos\/wp-content\/uploads\/usu897\/2020\/11\/WhatsApp-Image-2020-11-13-at-10.36.35-961x1024.jpeg\" alt=\"\" width=\"352\" height=\"375\" srcset=\"https:\/\/agora.xtec.cat\/escolalavilapalamos\/wp-content\/uploads\/usu897\/2020\/11\/WhatsApp-Image-2020-11-13-at-10.36.35-961x1024.jpeg 961w, https:\/\/agora.xtec.cat\/escolalavilapalamos\/wp-content\/uploads\/usu897\/2020\/11\/WhatsApp-Image-2020-11-13-at-10.36.35-281x300.jpeg 281w, https:\/\/agora.xtec.cat\/escolalavilapalamos\/wp-content\/uploads\/usu897\/2020\/11\/WhatsApp-Image-2020-11-13-at-10.36.35-768x819.jpeg 768w, https:\/\/agora.xtec.cat\/escolalavilapalamos\/wp-content\/uploads\/usu897\/2020\/11\/WhatsApp-Image-2020-11-13-at-10.36.35.jpeg 1200w\" sizes=\"auto, (max-width: 352px) 100vw, 352px\" \/><\/a><a href=\"https:\/\/agora.xtec.cat\/escolalavilapalamos\/wp-content\/uploads\/usu897\/2020\/11\/WhatsApp-Image-2020-11-12-at-10.07.10.jpeg\"><img loading=\"lazy\" decoding=\"async\" class=\"alignnone wp-image-8143\" src=\"https:\/\/agora.xtec.cat\/escolalavilapalamos\/wp-content\/uploads\/usu897\/2020\/11\/WhatsApp-Image-2020-11-12-at-10.07.10-1024x768.jpeg\" alt=\"\" width=\"365\" height=\"274\" srcset=\"https:\/\/agora.xtec.cat\/escolalavilapalamos\/wp-content\/uploads\/usu897\/2020\/11\/WhatsApp-Image-2020-11-12-at-10.07.10-1024x768.jpeg 1024w, https:\/\/agora.xtec.cat\/escolalavilapalamos\/wp-content\/uploads\/usu897\/2020\/11\/WhatsApp-Image-2020-11-12-at-10.07.10-300x225.jpeg 300w, https:\/\/agora.xtec.cat\/escolalavilapalamos\/wp-content\/uploads\/usu897\/2020\/11\/WhatsApp-Image-2020-11-12-at-10.07.10-768x576.jpeg 768w, https:\/\/agora.xtec.cat\/escolalavilapalamos\/wp-content\/uploads\/usu897\/2020\/11\/WhatsApp-Image-2020-11-12-at-10.07.10-200x150.jpeg 200w, https:\/\/agora.xtec.cat\/escolalavilapalamos\/wp-content\/uploads\/usu897\/2020\/11\/WhatsApp-Image-2020-11-12-at-10.07.10.jpeg 1599w\" sizes=\"auto, (max-width: 365px) 100vw, 365px\" \/><\/a> <a href=\"https:\/\/agora.xtec.cat\/escolalavilapalamos\/wp-content\/uploads\/usu897\/2020\/11\/WhatsApp-Image-2020-11-11-at-08.49.12.jpeg\"><img loading=\"lazy\" decoding=\"async\" class=\"wp-image-8128 alignleft\" src=\"https:\/\/agora.xtec.cat\/escolalavilapalamos\/wp-content\/uploads\/usu897\/2020\/11\/WhatsApp-Image-2020-11-11-at-08.49.12-1024x768.jpeg\" alt=\"\" width=\"464\" height=\"348\" srcset=\"https:\/\/agora.xtec.cat\/escolalavilapalamos\/wp-content\/uploads\/usu897\/2020\/11\/WhatsApp-Image-2020-11-11-at-08.49.12-1024x768.jpeg 1024w, https:\/\/agora.xtec.cat\/escolalavilapalamos\/wp-content\/uploads\/usu897\/2020\/11\/WhatsApp-Image-2020-11-11-at-08.49.12-300x225.jpeg 300w, https:\/\/agora.xtec.cat\/escolalavilapalamos\/wp-content\/uploads\/usu897\/2020\/11\/WhatsApp-Image-2020-11-11-at-08.49.12-768x576.jpeg 768w, https:\/\/agora.xtec.cat\/escolalavilapalamos\/wp-content\/uploads\/usu897\/2020\/11\/WhatsApp-Image-2020-11-11-at-08.49.12-200x150.jpeg 200w, https:\/\/agora.xtec.cat\/escolalavilapalamos\/wp-content\/uploads\/usu897\/2020\/11\/WhatsApp-Image-2020-11-11-at-08.49.12.jpeg 2048w\" sizes=\"auto, (max-width: 464px) 100vw, 464px\" \/><\/a><\/p>\n","protected":false},"excerpt":{"rendered":"<p>Cada dia a l&#8217;escola entrem i sortim amb m\u00fasica.<br \/>\nLa M\u00fasica canvia cada setmana i es posa tot tipus d&#8217;estils musicals, grups, etc. Aquesta setmana escoltem peces de <a href=\"https:\/\/ca.wikipedia.org\/wiki\/Fr%C3%A9d%C3%A9ric_Chopin\">Fr\u00e9d\u00e9ric Chopin<\/a>.<br \/>\nUn dia a la setmana escoltem m\u00fasica en directe gr\u00e0cies als nostres alumnes m\u00fasics: en Marc&hellip;  <a href=\"https:\/\/agora.xtec.cat\/escolalavilapalamos\/general\/musica-en-directe-a-lescola-3\/\" title=\"Read M\u00fasica en directe a l&#8217;escola\">Llegeix m\u00e9s\u00bb<\/a><\/p>\n","protected":false},"author":1,"featured_media":8128,"comment_status":"open","ping_status":"closed","sticky":false,"template":"","format":"standard","meta":{"_bbp_topic_count":0,"_bbp_reply_count":0,"_bbp_total_topic_count":0,"_bbp_total_reply_count":0,"_bbp_voice_count":0,"_bbp_anonymous_reply_count":0,"_bbp_topic_count_hidden":0,"_bbp_reply_count_hidden":0,"_bbp_forum_subforum_count":0,"footnotes":""},"categories":[1,68,4],"tags":[],"class_list":["post-8125","post","type-post","status-publish","format-standard","has-post-thumbnail","hentry","category-general","category-musica","category-portada"],"post_mailing_queue_ids":[],"_links":{"self":[{"href":"https:\/\/agora.xtec.cat\/escolalavilapalamos\/wp-json\/wp\/v2\/posts\/8125","targetHints":{"allow":["GET"]}}],"collection":[{"href":"https:\/\/agora.xtec.cat\/escolalavilapalamos\/wp-json\/wp\/v2\/posts"}],"about":[{"href":"https:\/\/agora.xtec.cat\/escolalavilapalamos\/wp-json\/wp\/v2\/types\/post"}],"author":[{"embeddable":true,"href":"https:\/\/agora.xtec.cat\/escolalavilapalamos\/wp-json\/wp\/v2\/users\/1"}],"replies":[{"embeddable":true,"href":"https:\/\/agora.xtec.cat\/escolalavilapalamos\/wp-json\/wp\/v2\/comments?post=8125"}],"version-history":[{"count":3,"href":"https:\/\/agora.xtec.cat\/escolalavilapalamos\/wp-json\/wp\/v2\/posts\/8125\/revisions"}],"predecessor-version":[{"id":8151,"href":"https:\/\/agora.xtec.cat\/escolalavilapalamos\/wp-json\/wp\/v2\/posts\/8125\/revisions\/8151"}],"wp:featuredmedia":[{"embeddable":true,"href":"https:\/\/agora.xtec.cat\/escolalavilapalamos\/wp-json\/wp\/v2\/media\/8128"}],"wp:attachment":[{"href":"https:\/\/agora.xtec.cat\/escolalavilapalamos\/wp-json\/wp\/v2\/media?parent=8125"}],"wp:term":[{"taxonomy":"category","embeddable":true,"href":"https:\/\/agora.xtec.cat\/escolalavilapalamos\/wp-json\/wp\/v2\/categories?post=8125"},{"taxonomy":"post_tag","embeddable":true,"href":"https:\/\/agora.xtec.cat\/escolalavilapalamos\/wp-json\/wp\/v2\/tags?post=8125"}],"curies":[{"name":"wp","href":"https:\/\/api.w.org\/{rel}","templated":true}]}}