{"id":8106,"date":"2020-11-11T00:18:00","date_gmt":"2020-11-10T23:18:00","guid":{"rendered":"http:\/\/agora.xtec.cat\/escolalavilapalamos\/?p=8106"},"modified":"2020-11-11T00:19:25","modified_gmt":"2020-11-10T23:19:25","slug":"vela-escolar-a-6e","status":"publish","type":"post","link":"https:\/\/agora.xtec.cat\/escolalavilapalamos\/portada\/vela-escolar-a-6e\/","title":{"rendered":"Vela escolar a 6\u00e8"},"content":{"rendered":"<p>Ja portem m\u00e9s d&#8217;un mes realitzant un cop a la setmana l&#8217;activitat de Vela Escolar que es promou des de l&#8217;Ajuntament de Palam\u00f3s amb la col\u00b7laboraci\u00f3 del Club de Vela del nostre municipi. L&#8217;alumnat de 6\u00e8 est\u00e0 gaudint d&#8217;unes interessants i divertides sessions dirigides per monitors del club. Aquesta activitat ens serveix per con\u00e8ixer aquest esport amb tradici\u00f3 al nostre poble i treballar aspectes com l&#8217;autonomia personal i el treball en equip.<\/p>\n<p><strong>Si voleu veure m\u00e9s imatges cliqueu sobre la fotografia.<\/strong><\/p>\n<p><strong><a href=\"https:\/\/photos.app.goo.gl\/zjHxx98GM7T23zPMA\"><img loading=\"lazy\" decoding=\"async\" class=\"wp-image-8108 aligncenter\" src=\"https:\/\/agora.xtec.cat\/escolalavilapalamos\/wp-content\/uploads\/usu897\/2020\/11\/IMG_20201029_094419-1024x768.jpg\" alt=\"\" width=\"433\" height=\"325\" srcset=\"https:\/\/agora.xtec.cat\/escolalavilapalamos\/wp-content\/uploads\/usu897\/2020\/11\/IMG_20201029_094419-1024x768.jpg 1024w, https:\/\/agora.xtec.cat\/escolalavilapalamos\/wp-content\/uploads\/usu897\/2020\/11\/IMG_20201029_094419-300x225.jpg 300w, https:\/\/agora.xtec.cat\/escolalavilapalamos\/wp-content\/uploads\/usu897\/2020\/11\/IMG_20201029_094419-768x576.jpg 768w, https:\/\/agora.xtec.cat\/escolalavilapalamos\/wp-content\/uploads\/usu897\/2020\/11\/IMG_20201029_094419-200x150.jpg 200w\" sizes=\"auto, (max-width: 433px) 100vw, 433px\" \/><\/a><\/strong><\/p>\n","protected":false},"excerpt":{"rendered":"<p>Ja portem m\u00e9s d&#8217;un mes realitzant un cop a la setmana l&#8217;activitat de Vela Escolar que es promou des de l&#8217;Ajuntament de Palam\u00f3s amb la col\u00b7laboraci\u00f3 del Club de Vela del nostre municipi. L&#8217;alumnat de 6\u00e8 est\u00e0 gaudint d&#8217;unes interessants i divertides sessions dirigides per&hellip;  <a href=\"https:\/\/agora.xtec.cat\/escolalavilapalamos\/portada\/vela-escolar-a-6e\/\" title=\"Read Vela escolar a 6\u00e8\">Llegeix m\u00e9s\u00bb<\/a><\/p>\n","protected":false},"author":167,"featured_media":8108,"comment_status":"open","ping_status":"closed","sticky":false,"template":"","format":"standard","meta":{"_bbp_topic_count":0,"_bbp_reply_count":0,"_bbp_total_topic_count":0,"_bbp_total_reply_count":0,"_bbp_voice_count":0,"_bbp_anonymous_reply_count":0,"_bbp_topic_count_hidden":0,"_bbp_reply_count_hidden":0,"_bbp_forum_subforum_count":0,"footnotes":""},"categories":[15,128,70,67,4],"tags":[],"class_list":["post-8106","post","type-post","status-publish","format-standard","has-post-thumbnail","hentry","category-6e","category-comunitat-de-grans","category-efi","category-especialistes","category-portada"],"post_mailing_queue_ids":[],"_links":{"self":[{"href":"https:\/\/agora.xtec.cat\/escolalavilapalamos\/wp-json\/wp\/v2\/posts\/8106","targetHints":{"allow":["GET"]}}],"collection":[{"href":"https:\/\/agora.xtec.cat\/escolalavilapalamos\/wp-json\/wp\/v2\/posts"}],"about":[{"href":"https:\/\/agora.xtec.cat\/escolalavilapalamos\/wp-json\/wp\/v2\/types\/post"}],"author":[{"embeddable":true,"href":"https:\/\/agora.xtec.cat\/escolalavilapalamos\/wp-json\/wp\/v2\/users\/167"}],"replies":[{"embeddable":true,"href":"https:\/\/agora.xtec.cat\/escolalavilapalamos\/wp-json\/wp\/v2\/comments?post=8106"}],"version-history":[{"count":3,"href":"https:\/\/agora.xtec.cat\/escolalavilapalamos\/wp-json\/wp\/v2\/posts\/8106\/revisions"}],"predecessor-version":[{"id":8119,"href":"https:\/\/agora.xtec.cat\/escolalavilapalamos\/wp-json\/wp\/v2\/posts\/8106\/revisions\/8119"}],"wp:featuredmedia":[{"embeddable":true,"href":"https:\/\/agora.xtec.cat\/escolalavilapalamos\/wp-json\/wp\/v2\/media\/8108"}],"wp:attachment":[{"href":"https:\/\/agora.xtec.cat\/escolalavilapalamos\/wp-json\/wp\/v2\/media?parent=8106"}],"wp:term":[{"taxonomy":"category","embeddable":true,"href":"https:\/\/agora.xtec.cat\/escolalavilapalamos\/wp-json\/wp\/v2\/categories?post=8106"},{"taxonomy":"post_tag","embeddable":true,"href":"https:\/\/agora.xtec.cat\/escolalavilapalamos\/wp-json\/wp\/v2\/tags?post=8106"}],"curies":[{"name":"wp","href":"https:\/\/api.w.org\/{rel}","templated":true}]}}