{"id":8099,"date":"2020-11-06T18:22:25","date_gmt":"2020-11-06T17:22:25","guid":{"rendered":"http:\/\/agora.xtec.cat\/escolalavilapalamos\/?p=8099"},"modified":"2020-11-07T10:58:27","modified_gmt":"2020-11-07T09:58:27","slug":"que-es-fer-matematiques","status":"publish","type":"post","link":"https:\/\/agora.xtec.cat\/escolalavilapalamos\/portada\/que-es-fer-matematiques\/","title":{"rendered":"Qu\u00e8 \u00e9s fer matem\u00e0tiques"},"content":{"rendered":"<div>Benvolgudes fam\u00edlies,<a href=\"https:\/\/agora.xtec.cat\/escolalavilapalamos\/wp-content\/uploads\/usu897\/2020\/11\/0.jpg\"><img loading=\"lazy\" decoding=\"async\" class=\"wp-image-8100 aligncenter\" src=\"https:\/\/agora.xtec.cat\/escolalavilapalamos\/wp-content\/uploads\/usu897\/2020\/11\/0-1024x389.jpg\" alt=\"\" width=\"879\" height=\"334\" srcset=\"https:\/\/agora.xtec.cat\/escolalavilapalamos\/wp-content\/uploads\/usu897\/2020\/11\/0-1024x389.jpg 1024w, https:\/\/agora.xtec.cat\/escolalavilapalamos\/wp-content\/uploads\/usu897\/2020\/11\/0-300x114.jpg 300w, https:\/\/agora.xtec.cat\/escolalavilapalamos\/wp-content\/uploads\/usu897\/2020\/11\/0-768x292.jpg 768w, https:\/\/agora.xtec.cat\/escolalavilapalamos\/wp-content\/uploads\/usu897\/2020\/11\/0.jpg 1709w\" sizes=\"auto, (max-width: 879px) 100vw, 879px\" \/><\/a><\/div>\n<div><\/div>\n<p>Ja fa anys que l&#8217;escola enfoca l&#8217;aprenentatge de les matem\u00e0tiques de manera diferent a com nosaltres les hav\u00edem apr\u00e8s de petits. Aix\u00f2 crea confusions a\u00a0 algunes fam\u00edlies i per ajudar-vos a entendre-ho, us fem arribar un enlla\u00e7 on trobareu v\u00eddeos editats per Innovamat ( projecte matem\u00e0tic nou per aquest curs) que de ben segur us poden ajudar.<\/p>\n<p>Compteu tamb\u00e9 amb nosaltres\u00a0per aclarir dubtes.<\/p>\n<p class=\"gmail_default\"><a href=\"https:\/\/www.youtube.com\/channel\/UCbQf4rfSeOUKl8R8No1zRsQ\" target=\"_blank\" rel=\"noopener noreferrer\" data-saferedirecturl=\"https:\/\/www.google.com\/url?q=https:\/\/www.youtube.com\/channel\/UCbQf4rfSeOUKl8R8No1zRsQ&amp;source=gmail&amp;ust=1604743500296000&amp;usg=AFQjCNGrNEtYaP2ATUJBiUE4WlzLP6ziYg\">Qu\u00e8 \u00e9s fer matem\u00e0tiques?<\/a><\/p>\n<div><\/div>\n<div><iframe loading=\"lazy\" src=\"\/\/www.youtube.com\/embed\/pERXXiZjS14\" width=\"560\" height=\"314\"><\/iframe><\/div>\n","protected":false},"excerpt":{"rendered":"<p>Benvolgudes fam\u00edlies,<a href=\"https:\/\/agora.xtec.cat\/escolalavilapalamos\/wp-content\/uploads\/usu897\/2020\/11\/0.jpg\"><\/a><\/p>\n<p>Ja fa anys que l&#8217;escola enfoca l&#8217;aprenentatge de les matem\u00e0tiques de manera diferent a com nosaltres les hav\u00edem apr\u00e8s de petits. Aix\u00f2 crea confusions a\u00a0 algunes fam\u00edlies i per ajudar-vos a entendre-ho, us fem arribar un enlla\u00e7 on trobareu v\u00eddeos editats per Innovamat&hellip;  <a href=\"https:\/\/agora.xtec.cat\/escolalavilapalamos\/portada\/que-es-fer-matematiques\/\" title=\"Read Qu\u00e8 \u00e9s fer matem\u00e0tiques\">Llegeix m\u00e9s\u00bb<\/a><\/p>\n","protected":false},"author":1,"featured_media":8100,"comment_status":"open","ping_status":"closed","sticky":false,"template":"","format":"standard","meta":{"_bbp_topic_count":0,"_bbp_reply_count":0,"_bbp_total_topic_count":0,"_bbp_total_reply_count":0,"_bbp_voice_count":0,"_bbp_anonymous_reply_count":0,"_bbp_topic_count_hidden":0,"_bbp_reply_count_hidden":0,"_bbp_forum_subforum_count":0,"footnotes":""},"categories":[128,127,4],"tags":[],"class_list":["post-8099","post","type-post","status-publish","format-standard","has-post-thumbnail","hentry","category-comunitat-de-grans","category-comunitat-de-mitjans","category-portada"],"post_mailing_queue_ids":[],"_links":{"self":[{"href":"https:\/\/agora.xtec.cat\/escolalavilapalamos\/wp-json\/wp\/v2\/posts\/8099","targetHints":{"allow":["GET"]}}],"collection":[{"href":"https:\/\/agora.xtec.cat\/escolalavilapalamos\/wp-json\/wp\/v2\/posts"}],"about":[{"href":"https:\/\/agora.xtec.cat\/escolalavilapalamos\/wp-json\/wp\/v2\/types\/post"}],"author":[{"embeddable":true,"href":"https:\/\/agora.xtec.cat\/escolalavilapalamos\/wp-json\/wp\/v2\/users\/1"}],"replies":[{"embeddable":true,"href":"https:\/\/agora.xtec.cat\/escolalavilapalamos\/wp-json\/wp\/v2\/comments?post=8099"}],"version-history":[{"count":2,"href":"https:\/\/agora.xtec.cat\/escolalavilapalamos\/wp-json\/wp\/v2\/posts\/8099\/revisions"}],"predecessor-version":[{"id":8102,"href":"https:\/\/agora.xtec.cat\/escolalavilapalamos\/wp-json\/wp\/v2\/posts\/8099\/revisions\/8102"}],"wp:featuredmedia":[{"embeddable":true,"href":"https:\/\/agora.xtec.cat\/escolalavilapalamos\/wp-json\/wp\/v2\/media\/8100"}],"wp:attachment":[{"href":"https:\/\/agora.xtec.cat\/escolalavilapalamos\/wp-json\/wp\/v2\/media?parent=8099"}],"wp:term":[{"taxonomy":"category","embeddable":true,"href":"https:\/\/agora.xtec.cat\/escolalavilapalamos\/wp-json\/wp\/v2\/categories?post=8099"},{"taxonomy":"post_tag","embeddable":true,"href":"https:\/\/agora.xtec.cat\/escolalavilapalamos\/wp-json\/wp\/v2\/tags?post=8099"}],"curies":[{"name":"wp","href":"https:\/\/api.w.org\/{rel}","templated":true}]}}