{"id":8083,"date":"2020-11-06T11:19:34","date_gmt":"2020-11-06T10:19:34","guid":{"rendered":"http:\/\/agora.xtec.cat\/escolalavilapalamos\/?p=8083"},"modified":"2020-11-06T18:23:07","modified_gmt":"2020-11-06T17:23:07","slug":"el-treball-globalitzat-a-4t","status":"publish","type":"post","link":"https:\/\/agora.xtec.cat\/escolalavilapalamos\/general\/el-treball-globalitzat-a-4t\/","title":{"rendered":"El treball globalitzat a 4t"},"content":{"rendered":"<p><a href=\"https:\/\/agora.xtec.cat\/escolalavilapalamos\/wp-content\/uploads\/usu897\/2020\/11\/IMG_6045.jpg\"><img loading=\"lazy\" decoding=\"async\" class=\"wp-image-8094 alignright\" src=\"https:\/\/agora.xtec.cat\/escolalavilapalamos\/wp-content\/uploads\/usu897\/2020\/11\/IMG_6045-1024x768.jpg\" alt=\"\" width=\"503\" height=\"378\" srcset=\"https:\/\/agora.xtec.cat\/escolalavilapalamos\/wp-content\/uploads\/usu897\/2020\/11\/IMG_6045-1024x768.jpg 1024w, https:\/\/agora.xtec.cat\/escolalavilapalamos\/wp-content\/uploads\/usu897\/2020\/11\/IMG_6045-300x225.jpg 300w, https:\/\/agora.xtec.cat\/escolalavilapalamos\/wp-content\/uploads\/usu897\/2020\/11\/IMG_6045-768x576.jpg 768w, https:\/\/agora.xtec.cat\/escolalavilapalamos\/wp-content\/uploads\/usu897\/2020\/11\/IMG_6045-200x150.jpg 200w, https:\/\/agora.xtec.cat\/escolalavilapalamos\/wp-content\/uploads\/usu897\/2020\/11\/IMG_6045.jpg 1263w\" sizes=\"auto, (max-width: 503px) 100vw, 503px\" \/><\/a>Els alumnes de 4t, aquest curs hem comen\u00e7at a realitzar treballs globalitzats, on a part de treballar medi, llengua i mates tamb\u00e9 aprenem a treballar en equip, a utilitzar diferents eines i recursos digitals i desenvolupem la nostra autonomia personal.<\/p>\n<p>De moment hem fet dos treballs globalitzats, els dos ben diferents per\u00f2 xul\u00edssims!<\/p>\n<p>En el primer, vam aprendre a fer funcionar els chromebooks, ja que a partir de 4t \u00e9s una eina que utilitzem sovint a l\u2019aula.<\/p>\n<ul>\n<li>Entrar al Gmail i escriure correus <a href=\"https:\/\/agora.xtec.cat\/escolalavilapalamos\/wp-content\/uploads\/usu897\/2020\/11\/gmail.png\"><img loading=\"lazy\" decoding=\"async\" class=\"alignnone wp-image-8086\" src=\"https:\/\/agora.xtec.cat\/escolalavilapalamos\/wp-content\/uploads\/usu897\/2020\/11\/gmail.png\" alt=\"\" width=\"30\" height=\"22\" srcset=\"https:\/\/agora.xtec.cat\/escolalavilapalamos\/wp-content\/uploads\/usu897\/2020\/11\/gmail.png 259w, https:\/\/agora.xtec.cat\/escolalavilapalamos\/wp-content\/uploads\/usu897\/2020\/11\/gmail-200x150.png 200w\" sizes=\"auto, (max-width: 30px) 100vw, 30px\" \/><\/a><\/li>\n<li>Saber buscar informaci\u00f3 al Google \u00a0<a href=\"https:\/\/agora.xtec.cat\/escolalavilapalamos\/wp-content\/uploads\/usu897\/2020\/11\/chrome.jpg\"><img loading=\"lazy\" decoding=\"async\" class=\"wp-image-8084 alignnone\" src=\"https:\/\/agora.xtec.cat\/escolalavilapalamos\/wp-content\/uploads\/usu897\/2020\/11\/chrome.jpg\" alt=\"\" width=\"35\" height=\"35\" srcset=\"https:\/\/agora.xtec.cat\/escolalavilapalamos\/wp-content\/uploads\/usu897\/2020\/11\/chrome.jpg 180w, https:\/\/agora.xtec.cat\/escolalavilapalamos\/wp-content\/uploads\/usu897\/2020\/11\/chrome-150x150.jpg 150w\" sizes=\"auto, (max-width: 35px) 100vw, 35px\" \/><\/a><\/li>\n<li>Crear documents i compartir-los <a href=\"https:\/\/agora.xtec.cat\/escolalavilapalamos\/wp-content\/uploads\/usu897\/2020\/11\/docs.jpg\"><img loading=\"lazy\" decoding=\"async\" class=\"alignnone wp-image-8085\" src=\"https:\/\/agora.xtec.cat\/escolalavilapalamos\/wp-content\/uploads\/usu897\/2020\/11\/docs.jpg\" alt=\"\" width=\"40\" height=\"40\" srcset=\"https:\/\/agora.xtec.cat\/escolalavilapalamos\/wp-content\/uploads\/usu897\/2020\/11\/docs.jpg 225w, https:\/\/agora.xtec.cat\/escolalavilapalamos\/wp-content\/uploads\/usu897\/2020\/11\/docs-150x150.jpg 150w\" sizes=\"auto, (max-width: 40px) 100vw, 40px\" \/><\/a><\/li>\n<li>Fer anar el Google classroom<a href=\"https:\/\/agora.xtec.cat\/escolalavilapalamos\/wp-content\/uploads\/usu897\/2020\/11\/google-class.jpg\"><img loading=\"lazy\" decoding=\"async\" class=\"alignnone wp-image-8087\" src=\"https:\/\/agora.xtec.cat\/escolalavilapalamos\/wp-content\/uploads\/usu897\/2020\/11\/google-class.jpg\" alt=\"\" width=\"38\" height=\"33\" \/><\/a><\/li>\n<\/ul>\n<p>El segon treball que vam comen\u00e7ar i que en aquests moments estem acabant \u00e9s sobre <b>l\u2019aigua<\/b>. \u00c9s un tema molt m\u00e9s cient\u00edfic i per aix\u00f2 apliquem el m\u00e8tode: fem hip\u00f2tesis, realitzem experimentacions i a partir d\u2019aquestes experimentacions obtenim uns resultats que ens serveixen per treure les nostres pr\u00f2pies conclusions.<\/p>\n<p>Ja ho veieu, ens estem convertint en uns veritables cient\u00edfics!!! Si cliqueu <a href=\"https:\/\/photos.app.goo.gl\/RTYwgyCUBUGNX5o66\">aqu\u00ed <\/a>veureu algunes imatges d&#8217;aquest treball.<\/p>\n","protected":false},"excerpt":{"rendered":"<p><a href=\"https:\/\/agora.xtec.cat\/escolalavilapalamos\/wp-content\/uploads\/usu897\/2020\/11\/IMG_6045.jpg\"><\/a>Els alumnes de 4t, aquest curs hem comen\u00e7at a realitzar treballs globalitzats, on a part de treballar medi, llengua i mates tamb\u00e9 aprenem a treballar en equip, a utilitzar diferents eines i recursos digitals i desenvolupem la nostra autonomia personal.<br \/>\nDe moment hem fet dos&hellip;  <a href=\"https:\/\/agora.xtec.cat\/escolalavilapalamos\/general\/el-treball-globalitzat-a-4t\/\" title=\"Read El treball globalitzat a 4t\">Llegeix m\u00e9s\u00bb<\/a><\/p>\n","protected":false},"author":132,"featured_media":8094,"comment_status":"open","ping_status":"closed","sticky":false,"template":"","format":"standard","meta":{"_bbp_topic_count":0,"_bbp_reply_count":0,"_bbp_total_topic_count":0,"_bbp_total_reply_count":0,"_bbp_voice_count":0,"_bbp_anonymous_reply_count":0,"_bbp_topic_count_hidden":0,"_bbp_reply_count_hidden":0,"_bbp_forum_subforum_count":0,"footnotes":""},"categories":[1,4],"tags":[],"class_list":["post-8083","post","type-post","status-publish","format-standard","has-post-thumbnail","hentry","category-general","category-portada"],"post_mailing_queue_ids":[],"_links":{"self":[{"href":"https:\/\/agora.xtec.cat\/escolalavilapalamos\/wp-json\/wp\/v2\/posts\/8083","targetHints":{"allow":["GET"]}}],"collection":[{"href":"https:\/\/agora.xtec.cat\/escolalavilapalamos\/wp-json\/wp\/v2\/posts"}],"about":[{"href":"https:\/\/agora.xtec.cat\/escolalavilapalamos\/wp-json\/wp\/v2\/types\/post"}],"author":[{"embeddable":true,"href":"https:\/\/agora.xtec.cat\/escolalavilapalamos\/wp-json\/wp\/v2\/users\/132"}],"replies":[{"embeddable":true,"href":"https:\/\/agora.xtec.cat\/escolalavilapalamos\/wp-json\/wp\/v2\/comments?post=8083"}],"version-history":[{"count":2,"href":"https:\/\/agora.xtec.cat\/escolalavilapalamos\/wp-json\/wp\/v2\/posts\/8083\/revisions"}],"predecessor-version":[{"id":8095,"href":"https:\/\/agora.xtec.cat\/escolalavilapalamos\/wp-json\/wp\/v2\/posts\/8083\/revisions\/8095"}],"wp:featuredmedia":[{"embeddable":true,"href":"https:\/\/agora.xtec.cat\/escolalavilapalamos\/wp-json\/wp\/v2\/media\/8094"}],"wp:attachment":[{"href":"https:\/\/agora.xtec.cat\/escolalavilapalamos\/wp-json\/wp\/v2\/media?parent=8083"}],"wp:term":[{"taxonomy":"category","embeddable":true,"href":"https:\/\/agora.xtec.cat\/escolalavilapalamos\/wp-json\/wp\/v2\/categories?post=8083"},{"taxonomy":"post_tag","embeddable":true,"href":"https:\/\/agora.xtec.cat\/escolalavilapalamos\/wp-json\/wp\/v2\/tags?post=8083"}],"curies":[{"name":"wp","href":"https:\/\/api.w.org\/{rel}","templated":true}]}}