{"id":8074,"date":"2020-11-06T10:20:47","date_gmt":"2020-11-06T09:20:47","guid":{"rendered":"http:\/\/agora.xtec.cat\/escolalavilapalamos\/?p=8074"},"modified":"2020-11-06T10:21:03","modified_gmt":"2020-11-06T09:21:03","slug":"adaptacio-de-p3","status":"publish","type":"post","link":"https:\/\/agora.xtec.cat\/escolalavilapalamos\/general\/adaptacio-de-p3\/","title":{"rendered":"Adaptaci\u00f3 de P3"},"content":{"rendered":"<p><a href=\"https:\/\/agora.xtec.cat\/escolalavilapalamos\/wp-content\/uploads\/usu897\/2020\/11\/DSC_0010-640x480.jpg\"><img loading=\"lazy\" decoding=\"async\" class=\"wp-image-8091 alignright\" src=\"https:\/\/agora.xtec.cat\/escolalavilapalamos\/wp-content\/uploads\/usu897\/2020\/11\/DSC_0010-640x480.jpg\" alt=\"\" width=\"410\" height=\"274\" srcset=\"https:\/\/agora.xtec.cat\/escolalavilapalamos\/wp-content\/uploads\/usu897\/2020\/11\/DSC_0010-640x480.jpg 640w, https:\/\/agora.xtec.cat\/escolalavilapalamos\/wp-content\/uploads\/usu897\/2020\/11\/DSC_0010-640x480-300x200.jpg 300w\" sizes=\"auto, (max-width: 410px) 100vw, 410px\" \/><\/a>Hem comen\u00e7at el curs amb molta il\u00b7lusi\u00f3 i amb ganes d\u2019aprendre moltes coses tot jugant.<\/p>\n<p>Estem assolint els h\u00e0bits i rutines del dia a dia, tamb\u00e9 aprenem a relacionar-nos i comunicar-nos amb els companys i companyes i descobrim l\u2019entorn de la nostra escola.<\/p>\n<p>Us presentem un seguit de fotografies on podeu veure diferents moments i activitats dels vostres fills i filles, sent els protagonistes del seu propi aprenentatge a trav\u00e9s de les diferents propostes que es troben a l\u2019aula: taula de la llum, construccions, contes, encaixos, joc simb\u00f2lic, plastilina, dibuix, safates d\u2019experimentaci\u00f3&#8230;i tamb\u00e9 tenim estones on compartim jocs als diferents patis. Podeu veure totes les fotos de l&#8217;adaptaci\u00f3 en el seg\u00fcent enlla\u00e7: <a href=\"https:\/\/photos.app.goo.gl\/Vgyh196GuTHUbKsL9\">https:\/\/photos.app.goo.gl\/Vgyh196GuTHUbKsL9<\/a><\/p>\n<p>Esperem que ho gaudiu molt!!!!<\/p>\n<p>Les mestres de P3<\/p>\n<p>&nbsp;<\/p>\n","protected":false},"excerpt":{"rendered":"<p><a href=\"https:\/\/agora.xtec.cat\/escolalavilapalamos\/wp-content\/uploads\/usu897\/2020\/11\/DSC_0010-640x480.jpg\"><\/a>Hem comen\u00e7at el curs amb molta il\u00b7lusi\u00f3 i amb ganes d\u2019aprendre moltes coses tot jugant.<br \/>\nEstem assolint els h\u00e0bits i rutines del dia a dia, tamb\u00e9 aprenem a relacionar-nos i comunicar-nos amb els companys i companyes i descobrim l\u2019entorn de la nostra escola.<br \/>\nUs presentem un&hellip;  <a href=\"https:\/\/agora.xtec.cat\/escolalavilapalamos\/general\/adaptacio-de-p3\/\" title=\"Read Adaptaci\u00f3 de P3\">Llegeix m\u00e9s\u00bb<\/a><\/p>\n","protected":false},"author":128,"featured_media":8091,"comment_status":"open","ping_status":"closed","sticky":false,"template":"","format":"standard","meta":{"_bbp_topic_count":0,"_bbp_reply_count":0,"_bbp_total_topic_count":0,"_bbp_total_reply_count":0,"_bbp_voice_count":0,"_bbp_anonymous_reply_count":0,"_bbp_topic_count_hidden":0,"_bbp_reply_count_hidden":0,"_bbp_forum_subforum_count":0,"footnotes":""},"categories":[2,1,4],"tags":[],"class_list":["post-8074","post","type-post","status-publish","format-standard","has-post-thumbnail","hentry","category-infantil","category-general","category-portada"],"post_mailing_queue_ids":[],"_links":{"self":[{"href":"https:\/\/agora.xtec.cat\/escolalavilapalamos\/wp-json\/wp\/v2\/posts\/8074","targetHints":{"allow":["GET"]}}],"collection":[{"href":"https:\/\/agora.xtec.cat\/escolalavilapalamos\/wp-json\/wp\/v2\/posts"}],"about":[{"href":"https:\/\/agora.xtec.cat\/escolalavilapalamos\/wp-json\/wp\/v2\/types\/post"}],"author":[{"embeddable":true,"href":"https:\/\/agora.xtec.cat\/escolalavilapalamos\/wp-json\/wp\/v2\/users\/128"}],"replies":[{"embeddable":true,"href":"https:\/\/agora.xtec.cat\/escolalavilapalamos\/wp-json\/wp\/v2\/comments?post=8074"}],"version-history":[{"count":3,"href":"https:\/\/agora.xtec.cat\/escolalavilapalamos\/wp-json\/wp\/v2\/posts\/8074\/revisions"}],"predecessor-version":[{"id":8093,"href":"https:\/\/agora.xtec.cat\/escolalavilapalamos\/wp-json\/wp\/v2\/posts\/8074\/revisions\/8093"}],"wp:featuredmedia":[{"embeddable":true,"href":"https:\/\/agora.xtec.cat\/escolalavilapalamos\/wp-json\/wp\/v2\/media\/8091"}],"wp:attachment":[{"href":"https:\/\/agora.xtec.cat\/escolalavilapalamos\/wp-json\/wp\/v2\/media?parent=8074"}],"wp:term":[{"taxonomy":"category","embeddable":true,"href":"https:\/\/agora.xtec.cat\/escolalavilapalamos\/wp-json\/wp\/v2\/categories?post=8074"},{"taxonomy":"post_tag","embeddable":true,"href":"https:\/\/agora.xtec.cat\/escolalavilapalamos\/wp-json\/wp\/v2\/tags?post=8074"}],"curies":[{"name":"wp","href":"https:\/\/api.w.org\/{rel}","templated":true}]}}