{"id":8056,"date":"2020-11-03T15:50:19","date_gmt":"2020-11-03T14:50:19","guid":{"rendered":"http:\/\/agora.xtec.cat\/escolalavilapalamos\/?p=8056"},"modified":"2020-11-03T15:50:19","modified_gmt":"2020-11-03T14:50:19","slug":"exploradors-geometrics","status":"publish","type":"post","link":"https:\/\/agora.xtec.cat\/escolalavilapalamos\/portada\/exploradors-geometrics\/","title":{"rendered":"Exploradors geom\u00e8trics"},"content":{"rendered":"<p style=\"text-align: justify;\">Hola fam\u00edlies,<\/p>\n<p style=\"text-align: justify;\">Aquesta setmana els de tercer hem anat a la recerca de figures geom\u00e8triques pels carrers de Palam\u00f3s. Hem sigut uns grans exploradors i hem pres consci\u00e8ncia que la geometria ens envolta per tot arreu!<\/p>\n<p>Aqu\u00ed teniu el recorregut que vam seguir durant la sortida:<\/p>\n<p><a href=\"https:\/\/agora.xtec.cat\/escolalavilapalamos\/wp-content\/uploads\/usu897\/2020\/10\/RECORREGUT-FIGURES-GEOM\u00c8TRIQUES.bmp\"><img loading=\"lazy\" decoding=\"async\" class=\"alignnone size-full wp-image-8057\" src=\"https:\/\/agora.xtec.cat\/escolalavilapalamos\/wp-content\/uploads\/usu897\/2020\/10\/RECORREGUT-FIGURES-GEOM\u00c8TRIQUES.bmp\" alt=\"\" width=\"838\" height=\"632\" \/><\/a><\/p>\n<p style=\"text-align: justify;\">Tamb\u00e9 us deixem unes fotografies perqu\u00e8 podeu observar el nostre treball (cliqueu a l&#8217;enlla\u00e7 per poder-hi accedir):<\/p>\n<p style=\"text-align: center;\"><a href=\"https:\/\/drive.google.com\/drive\/folders\/1maldALfIUgKDxr5o51waT3pT8s_VaWUH?usp=sharing\">3r A<\/a><\/p>\n<p style=\"text-align: center;\"><a href=\"https:\/\/drive.google.com\/drive\/folders\/11JoYy7248d9Nzz1dRGQ1hCRfbd18vmDE?usp=sharing\">3r B<\/a><\/p>\n<p style=\"text-align: center;\"><a href=\"https:\/\/drive.google.com\/drive\/folders\/1mBo9BwifmD0bq39yh_f26v8drzw7ao-a?usp=sharing\">3r C<\/a><\/p>\n<p style=\"text-align: justify;\">Us animem tamb\u00e9 a que continueu buscant figures geom\u00e8triques del vostre entorn.<\/p>\n<p style=\"text-align: justify;\"><em>Equip de 3r<\/em><\/p>\n","protected":false},"excerpt":{"rendered":"<p>Hola fam\u00edlies,<br \/>\nAquesta setmana els de tercer hem anat a la recerca de figures geom\u00e8triques pels carrers de Palam\u00f3s. Hem sigut uns grans exploradors i hem pres consci\u00e8ncia que la geometria ens envolta per tot arreu!<br \/>\nAqu\u00ed teniu el recorregut que vam seguir durant la sortida:<br \/>\n<a href=\"https:\/\/agora.xtec.cat\/escolalavilapalamos\/wp-content\/uploads\/usu897\/2020\/10\/RECORREGUT-FIGURES-GEOM\u00c8TRIQUES.bmp\"><\/a><br \/>\nTamb\u00e9&hellip;  <a href=\"https:\/\/agora.xtec.cat\/escolalavilapalamos\/portada\/exploradors-geometrics\/\" title=\"Read Exploradors geom\u00e8trics\">Llegeix m\u00e9s\u00bb<\/a><\/p>\n","protected":false},"author":245,"featured_media":8058,"comment_status":"open","ping_status":"closed","sticky":false,"template":"","format":"standard","meta":{"_bbp_topic_count":0,"_bbp_reply_count":0,"_bbp_total_topic_count":0,"_bbp_total_reply_count":0,"_bbp_voice_count":0,"_bbp_anonymous_reply_count":0,"_bbp_topic_count_hidden":0,"_bbp_reply_count_hidden":0,"_bbp_forum_subforum_count":0,"footnotes":""},"categories":[127,4,5],"tags":[],"class_list":["post-8056","post","type-post","status-publish","format-standard","has-post-thumbnail","hentry","category-comunitat-de-mitjans","category-portada","category-primaria"],"post_mailing_queue_ids":[],"_links":{"self":[{"href":"https:\/\/agora.xtec.cat\/escolalavilapalamos\/wp-json\/wp\/v2\/posts\/8056","targetHints":{"allow":["GET"]}}],"collection":[{"href":"https:\/\/agora.xtec.cat\/escolalavilapalamos\/wp-json\/wp\/v2\/posts"}],"about":[{"href":"https:\/\/agora.xtec.cat\/escolalavilapalamos\/wp-json\/wp\/v2\/types\/post"}],"author":[{"embeddable":true,"href":"https:\/\/agora.xtec.cat\/escolalavilapalamos\/wp-json\/wp\/v2\/users\/245"}],"replies":[{"embeddable":true,"href":"https:\/\/agora.xtec.cat\/escolalavilapalamos\/wp-json\/wp\/v2\/comments?post=8056"}],"version-history":[{"count":2,"href":"https:\/\/agora.xtec.cat\/escolalavilapalamos\/wp-json\/wp\/v2\/posts\/8056\/revisions"}],"predecessor-version":[{"id":8082,"href":"https:\/\/agora.xtec.cat\/escolalavilapalamos\/wp-json\/wp\/v2\/posts\/8056\/revisions\/8082"}],"wp:featuredmedia":[{"embeddable":true,"href":"https:\/\/agora.xtec.cat\/escolalavilapalamos\/wp-json\/wp\/v2\/media\/8058"}],"wp:attachment":[{"href":"https:\/\/agora.xtec.cat\/escolalavilapalamos\/wp-json\/wp\/v2\/media?parent=8056"}],"wp:term":[{"taxonomy":"category","embeddable":true,"href":"https:\/\/agora.xtec.cat\/escolalavilapalamos\/wp-json\/wp\/v2\/categories?post=8056"},{"taxonomy":"post_tag","embeddable":true,"href":"https:\/\/agora.xtec.cat\/escolalavilapalamos\/wp-json\/wp\/v2\/tags?post=8056"}],"curies":[{"name":"wp","href":"https:\/\/api.w.org\/{rel}","templated":true}]}}