{"id":8043,"date":"2020-10-26T15:27:03","date_gmt":"2020-10-26T14:27:03","guid":{"rendered":"http:\/\/agora.xtec.cat\/escolalavilapalamos\/?p=8043"},"modified":"2020-11-03T15:50:34","modified_gmt":"2020-11-03T14:50:34","slug":"fas-6-anys-tria-un-llibre-2","status":"publish","type":"post","link":"https:\/\/agora.xtec.cat\/escolalavilapalamos\/portada\/fas-6-anys-tria-un-llibre-2\/","title":{"rendered":"Fas 6 anys. Tria un llibre"},"content":{"rendered":"<p><a href=\"https:\/\/agora.xtec.cat\/escolalavilapalamos\/wp-content\/uploads\/usu897\/2020\/10\/captura-de-pantalla-2020-10-16-a-les-19.26.19.png\"><img loading=\"lazy\" decoding=\"async\" class=\"wp-image-8044 alignright\" src=\"https:\/\/agora.xtec.cat\/escolalavilapalamos\/wp-content\/uploads\/usu897\/2020\/10\/captura-de-pantalla-2020-10-16-a-les-19.26.19-730x1024.png\" alt=\"\" width=\"354\" height=\"497\" srcset=\"https:\/\/agora.xtec.cat\/escolalavilapalamos\/wp-content\/uploads\/usu897\/2020\/10\/captura-de-pantalla-2020-10-16-a-les-19.26.19.png 730w, https:\/\/agora.xtec.cat\/escolalavilapalamos\/wp-content\/uploads\/usu897\/2020\/10\/captura-de-pantalla-2020-10-16-a-les-19.26.19-214x300.png 214w\" sizes=\"auto, (max-width: 354px) 100vw, 354px\" \/><\/a>La campanya <strong>\u2018Fas 6 anys. Tria un llibre\u2019<\/strong> vol estimular els h\u00e0bits de lectura dels infants de 6 anys.<\/p>\n<p>T\u00e9 com a objectius que els nens i les nenes descobreixin les llibreries amb un adult, i que aprenguin a donar valor al llibre, que comencin a crear la seva pr\u00f2pia biblioteca, aix\u00ed com donar valor al llibre i refor\u00e7ar les vendes de llibres infantils.<\/p>\n<p>Si els vostres fills aquest 2020 han fet o faran 6 anys, rebran a casa una targeta que els convidar\u00e0 a anar a la llibreria m\u00e9s propera. All\u00e0 podran bescanviar la targeta pel llibre infantil que m\u00e9s els agradi i per un import de fins a 13\u20ac. En cas que l\u2019import del llibre sigui superior, la difer\u00e8ncia haur\u00e0 de ser abonada per l\u2019adult que l\u2019acompanyi.<\/p>\n<p>Aqu\u00ed trobareu tota la informaci\u00f3 i les llibreries adherides a la campanya: <a href=\"https:\/\/icec.gencat.cat\/ca\/campanyes\/fas-6-anys\/index.html\">https:\/\/icec.gencat.cat\/ca\/campanyes\/fas-6-anys\/index.html<\/a><\/p>\n<p><iframe loading=\"lazy\" src=\"\/\/www.youtube.com\/embed\/hF3KGUCcRtI\" width=\"560\" height=\"314\"><\/iframe><\/p>\n<p>Com funciona?<\/p>\n<p>Els nens i les nenes que aquest any fan 6 anys rebran una carta personalitzada al seu domicili. Amb un adult, podran anar a qualsevol de les llibreries associades (veure llistat), podran triar un llibre i comen\u00e7ar aix\u00ed la seva biblioteca particular!<\/p>\n<p>Durada<br \/>\nCampanya limitada fins a finalitzar la dotaci\u00f3 pressupost\u00e0ria.<\/p>\n<p>Per qualsevol consulta visita la web <a href=\"http:\/\/cultura.gencat.cat\/ca\/departament\/estructura_i_adreces\/organismes\/icec\/fas6anys\/\"><em>Fas 6 anys.Tria un llibre<\/em><\/a> o suggeriment: <a href=\"mailto:fas6anys@gencat.cat\">fas6anys@gencat.cat<\/a><\/p>\n","protected":false},"excerpt":{"rendered":"<p><a href=\"https:\/\/agora.xtec.cat\/escolalavilapalamos\/wp-content\/uploads\/usu897\/2020\/10\/captura-de-pantalla-2020-10-16-a-les-19.26.19.png\"><\/a>La campanya \u2018Fas 6 anys. Tria un llibre\u2019 vol estimular els h\u00e0bits de lectura dels infants de 6 anys.<br \/>\nT\u00e9 com a objectius que els nens i les nenes descobreixin les llibreries amb un adult, i que aprenguin a donar valor al llibre, que comencin&hellip;  <a href=\"https:\/\/agora.xtec.cat\/escolalavilapalamos\/portada\/fas-6-anys-tria-un-llibre-2\/\" title=\"Read Fas 6 anys. Tria un llibre\">Llegeix m\u00e9s\u00bb<\/a><\/p>\n","protected":false},"author":1,"featured_media":8044,"comment_status":"open","ping_status":"closed","sticky":false,"template":"","format":"standard","meta":{"_bbp_topic_count":0,"_bbp_reply_count":0,"_bbp_total_topic_count":0,"_bbp_total_reply_count":0,"_bbp_voice_count":0,"_bbp_anonymous_reply_count":0,"_bbp_topic_count_hidden":0,"_bbp_reply_count_hidden":0,"_bbp_forum_subforum_count":0,"footnotes":""},"categories":[127,4],"tags":[],"class_list":["post-8043","post","type-post","status-publish","format-standard","has-post-thumbnail","hentry","category-comunitat-de-mitjans","category-portada"],"post_mailing_queue_ids":[],"_links":{"self":[{"href":"https:\/\/agora.xtec.cat\/escolalavilapalamos\/wp-json\/wp\/v2\/posts\/8043","targetHints":{"allow":["GET"]}}],"collection":[{"href":"https:\/\/agora.xtec.cat\/escolalavilapalamos\/wp-json\/wp\/v2\/posts"}],"about":[{"href":"https:\/\/agora.xtec.cat\/escolalavilapalamos\/wp-json\/wp\/v2\/types\/post"}],"author":[{"embeddable":true,"href":"https:\/\/agora.xtec.cat\/escolalavilapalamos\/wp-json\/wp\/v2\/users\/1"}],"replies":[{"embeddable":true,"href":"https:\/\/agora.xtec.cat\/escolalavilapalamos\/wp-json\/wp\/v2\/comments?post=8043"}],"version-history":[{"count":3,"href":"https:\/\/agora.xtec.cat\/escolalavilapalamos\/wp-json\/wp\/v2\/posts\/8043\/revisions"}],"predecessor-version":[{"id":8048,"href":"https:\/\/agora.xtec.cat\/escolalavilapalamos\/wp-json\/wp\/v2\/posts\/8043\/revisions\/8048"}],"wp:featuredmedia":[{"embeddable":true,"href":"https:\/\/agora.xtec.cat\/escolalavilapalamos\/wp-json\/wp\/v2\/media\/8044"}],"wp:attachment":[{"href":"https:\/\/agora.xtec.cat\/escolalavilapalamos\/wp-json\/wp\/v2\/media?parent=8043"}],"wp:term":[{"taxonomy":"category","embeddable":true,"href":"https:\/\/agora.xtec.cat\/escolalavilapalamos\/wp-json\/wp\/v2\/categories?post=8043"},{"taxonomy":"post_tag","embeddable":true,"href":"https:\/\/agora.xtec.cat\/escolalavilapalamos\/wp-json\/wp\/v2\/tags?post=8043"}],"curies":[{"name":"wp","href":"https:\/\/api.w.org\/{rel}","templated":true}]}}