{"id":8032,"date":"2020-10-23T12:46:47","date_gmt":"2020-10-23T10:46:47","guid":{"rendered":"http:\/\/agora.xtec.cat\/escolalavilapalamos\/?p=8032"},"modified":"2020-10-26T15:33:59","modified_gmt":"2020-10-26T14:33:59","slug":"servei-de-menus-per-emportar","status":"publish","type":"post","link":"https:\/\/agora.xtec.cat\/escolalavilapalamos\/general\/servei-de-menus-per-emportar\/","title":{"rendered":"Servei de men\u00fas per emportar"},"content":{"rendered":"<p style=\"text-align: center;\"><strong>Informaci\u00f3 per les fam\u00edlies amb alumnes becats usuaris del servei de menjador escolar<a href=\"https:\/\/agora.xtec.cat\/escolalavilapalamos\/wp-content\/uploads\/usu897\/2020\/10\/unnamed.jpg\"><img loading=\"lazy\" decoding=\"async\" class=\"wp-image-8033 alignright\" src=\"https:\/\/agora.xtec.cat\/escolalavilapalamos\/wp-content\/uploads\/usu897\/2020\/10\/unnamed.jpg\" alt=\"\" width=\"401\" height=\"242\" srcset=\"https:\/\/agora.xtec.cat\/escolalavilapalamos\/wp-content\/uploads\/usu897\/2020\/10\/unnamed.jpg 512w, https:\/\/agora.xtec.cat\/escolalavilapalamos\/wp-content\/uploads\/usu897\/2020\/10\/unnamed-300x181.jpg 300w\" sizes=\"auto, (max-width: 401px) 100vw, 401px\" \/><\/a><\/strong><\/p>\n<p class=\"gmail_default\"><strong>1. Persones benefici\u00e0ries\u00a0<\/strong><\/p>\n<p>El men\u00fa per emportar est\u00e0 previst\u00a0per a l&#8217;<em>alumnat usuari del servei de menjador escolar que t\u00e9 un ajut individual de menjador (del 70 o del 100 %)<\/em>\u00a0i no pot utilitzar temporalment aquest servei, amb motiu de les mesures preventives que es prenguin per la COVID-19 (quarantena, a\u00efllament o confinament del centre).<\/p>\n<p><strong>2. Com sol\u00b7licitar el servei de \u201cMen\u00fas per emportar\u201d\u00a0<\/strong><\/p>\n<p>Les fam\u00edlies que us trobeu en aquesta situaci\u00f3 heu de comunicar al centre escolar si voleu o no el servei diari de men\u00fa per emportar mentre el vostre fill\/a no pugui assistir a l\u2019escola. Per fer-ho, caldr\u00e0 que entregueu el document 1 \u201cDeclaraci\u00f3 fam\u00edlia per a la recollida de men\u00fas per emportar\u201d i, en el cas que no pugueu recollir el men\u00fa ni el pare ni la mare ni el tutor\/a de l\u2019alumne\/a, tamb\u00e9 haureu de presentar el document 2 \u201cAutoritzaci\u00f3 per a la recollida del men\u00fa a un tercer\u201d. Aquests dos documents s\u00f3n v\u00e0lids per a tot el curs escolar 2020-2021.<\/p>\n<p>No us podrem prestar el servei de men\u00fas per emportar si abans no heu presentat al centre escolar aquesta documentaci\u00f3.<\/p>\n<p><strong>3. Lloc de recollida del men\u00fa i horari\u00a0<\/strong><\/p>\n<p>Haureu de recollir el men\u00fa di\u00e0riament al centre escolar, entre les 12.45 i les 13 h, al lloc que prevegi l\u2019escola.<\/p>\n<p>No es lliurar\u00e0 cap men\u00fa ni abans ni despr\u00e9s d&#8217;aquest horari. Als centres escolars amb jornada continuada, l&#8217;horari de recollida ser\u00e0 de les 14 a les 14.15 h.<\/p>\n<p><strong>4. Composici\u00f3 del men\u00fa i recomanacions higi\u00e8niques<\/strong><\/p>\n<p>&#8211; El men\u00fa per emportar consta de 1r plat, 2n plat, pa i postres (se segueix la mateixa composici\u00f3 del men\u00fa servit a l\u2019escola).<\/p>\n<p>&#8211; L\u2019entrega del men\u00fa es fa en recipients d&#8217;un sol \u00fas, un per a cada plat i amb una bossa individual.<\/p>\n<p>&#8211; \u00c9s important que seguiu les condicions higi\u00e8niques seg\u00fcents:<\/p>\n<ul>\n<li>Heu de venir a recollir el men\u00fa amb les mesures de seguretat de la Covid-19 establertes.<\/li>\n<li>Una vegada h\u00e0giu rebut el men\u00fa, l\u2019heu de portar a casa al m\u00e9s aviat possible i, sobretot, abans no passin dues hores.<\/li>\n<li>Heu de consumir el men\u00fa el mateix dia.<\/li>\n<li>Renteu-vos les mans abans de manipular-lo.<\/li>\n<\/ul>\n<div>\n<div dir=\"ltr\" data-smartmail=\"gmail_signature\">\n<div dir=\"ltr\">\n<div dir=\"ltr\">\n<div dir=\"ltr\">\n<div dir=\"ltr\">\n<div dir=\"ltr\">\n<div dir=\"ltr\">\n<div dir=\"ltr\">\n<p><strong>5. Documents annexos\u00a0<a href=\"https:\/\/agora.xtec.cat\/escolalavilapalamos\/wp-content\/uploads\/usu897\/2020\/03\/Logo_Consell_Comarcal_Baix_Emporda-2019.png\"><img loading=\"lazy\" decoding=\"async\" class=\"size-full wp-image-7488 alignright\" src=\"https:\/\/agora.xtec.cat\/escolalavilapalamos\/wp-content\/uploads\/usu897\/2020\/03\/Logo_Consell_Comarcal_Baix_Emporda-2019.png\" alt=\"\" width=\"239\" height=\"123\" \/><\/a><\/strong><\/p>\n<p>Document 1 \u2013 <a href=\"https:\/\/drive.google.com\/file\/d\/1O1kYnKcYzr7SPKGGWN0QH8JfSvU7ezXZ\/view?usp=sharing\">Declaraci\u00f3 fam\u00edlia per a la recollida de men\u00fas per emportar.<\/a><\/p>\n<p>Document 2 \u2013 <a href=\"https:\/\/drive.google.com\/file\/d\/1O1kYnKcYzr7SPKGGWN0QH8JfSvU7ezXZ\/view?usp=sharing\">Autoritzaci\u00f3 per a la recollida del men\u00fa a un tercer.<\/a><\/p>\n<p>Cliqueu per descarregar-vos els documents.<\/p>\n<\/div>\n<\/div>\n<\/div>\n<\/div>\n<\/div>\n<\/div>\n<\/div>\n<\/div>\n<\/div>\n","protected":false},"excerpt":{"rendered":"<p>Informaci\u00f3 per les fam\u00edlies amb alumnes becats usuaris del servei de menjador escolar<a href=\"https:\/\/agora.xtec.cat\/escolalavilapalamos\/wp-content\/uploads\/usu897\/2020\/10\/unnamed.jpg\"><\/a><br \/>\n1. Persones benefici\u00e0ries\u00a0<br \/>\nEl men\u00fa per emportar est\u00e0 previst\u00a0per a l&#8217;alumnat usuari del servei de menjador escolar que t\u00e9 un ajut individual de menjador (del 70 o del 100 %)\u00a0i no pot utilitzar&hellip;  <a href=\"https:\/\/agora.xtec.cat\/escolalavilapalamos\/general\/servei-de-menus-per-emportar\/\" title=\"Read Servei de men\u00fas per emportar\">Llegeix m\u00e9s\u00bb<\/a><\/p>\n","protected":false},"author":1,"featured_media":8033,"comment_status":"open","ping_status":"closed","sticky":false,"template":"","format":"standard","meta":{"_bbp_topic_count":0,"_bbp_reply_count":0,"_bbp_total_topic_count":0,"_bbp_total_reply_count":0,"_bbp_voice_count":0,"_bbp_anonymous_reply_count":0,"_bbp_topic_count_hidden":0,"_bbp_reply_count_hidden":0,"_bbp_forum_subforum_count":0,"footnotes":""},"categories":[1,4],"tags":[],"class_list":["post-8032","post","type-post","status-publish","format-standard","has-post-thumbnail","hentry","category-general","category-portada"],"post_mailing_queue_ids":[],"_links":{"self":[{"href":"https:\/\/agora.xtec.cat\/escolalavilapalamos\/wp-json\/wp\/v2\/posts\/8032","targetHints":{"allow":["GET"]}}],"collection":[{"href":"https:\/\/agora.xtec.cat\/escolalavilapalamos\/wp-json\/wp\/v2\/posts"}],"about":[{"href":"https:\/\/agora.xtec.cat\/escolalavilapalamos\/wp-json\/wp\/v2\/types\/post"}],"author":[{"embeddable":true,"href":"https:\/\/agora.xtec.cat\/escolalavilapalamos\/wp-json\/wp\/v2\/users\/1"}],"replies":[{"embeddable":true,"href":"https:\/\/agora.xtec.cat\/escolalavilapalamos\/wp-json\/wp\/v2\/comments?post=8032"}],"version-history":[{"count":3,"href":"https:\/\/agora.xtec.cat\/escolalavilapalamos\/wp-json\/wp\/v2\/posts\/8032\/revisions"}],"predecessor-version":[{"id":8036,"href":"https:\/\/agora.xtec.cat\/escolalavilapalamos\/wp-json\/wp\/v2\/posts\/8032\/revisions\/8036"}],"wp:featuredmedia":[{"embeddable":true,"href":"https:\/\/agora.xtec.cat\/escolalavilapalamos\/wp-json\/wp\/v2\/media\/8033"}],"wp:attachment":[{"href":"https:\/\/agora.xtec.cat\/escolalavilapalamos\/wp-json\/wp\/v2\/media?parent=8032"}],"wp:term":[{"taxonomy":"category","embeddable":true,"href":"https:\/\/agora.xtec.cat\/escolalavilapalamos\/wp-json\/wp\/v2\/categories?post=8032"},{"taxonomy":"post_tag","embeddable":true,"href":"https:\/\/agora.xtec.cat\/escolalavilapalamos\/wp-json\/wp\/v2\/tags?post=8032"}],"curies":[{"name":"wp","href":"https:\/\/api.w.org\/{rel}","templated":true}]}}