{"id":8029,"date":"2020-10-23T08:31:32","date_gmt":"2020-10-23T06:31:32","guid":{"rendered":"http:\/\/agora.xtec.cat\/escolalavilapalamos\/?p=8029"},"modified":"2020-10-23T13:51:43","modified_gmt":"2020-10-23T11:51:43","slug":"sortida-de-3r-pel-poble","status":"publish","type":"post","link":"https:\/\/agora.xtec.cat\/escolalavilapalamos\/portada\/sortida-de-3r-pel-poble\/","title":{"rendered":"Sortida de 3r pel poble!"},"content":{"rendered":"<p>Hola fam\u00edlies,<a href=\"https:\/\/agora.xtec.cat\/escolalavilapalamos\/wp-content\/uploads\/usu897\/2020\/10\/12-figures-geometriques-per-a-l-aula.jpg\"><img loading=\"lazy\" decoding=\"async\" class=\"wp-image-8030 alignleft\" src=\"https:\/\/agora.xtec.cat\/escolalavilapalamos\/wp-content\/uploads\/usu897\/2020\/10\/12-figures-geometriques-per-a-l-aula.jpg\" alt=\"\" width=\"287\" height=\"287\" srcset=\"https:\/\/agora.xtec.cat\/escolalavilapalamos\/wp-content\/uploads\/usu897\/2020\/10\/12-figures-geometriques-per-a-l-aula.jpg 458w, https:\/\/agora.xtec.cat\/escolalavilapalamos\/wp-content\/uploads\/usu897\/2020\/10\/12-figures-geometriques-per-a-l-aula-150x150.jpg 150w, https:\/\/agora.xtec.cat\/escolalavilapalamos\/wp-content\/uploads\/usu897\/2020\/10\/12-figures-geometriques-per-a-l-aula-300x300.jpg 300w\" sizes=\"auto, (max-width: 287px) 100vw, 287px\" \/><\/a><\/p>\n<p>La setmana del 26 al 30 d&#8217;octubre, els i les alumnes de 3r faran una sortida pel poble per anar a la recerca de figures geom\u00e8triques. Aquesta sortida ha sorgit arran d&#8217;una can\u00e7\u00f3 que vam treballar a l&#8217;aula on havien d&#8217;omplir buits. La majoria de paraules estaven relacionades amb la geometria. El nom de la can\u00e7\u00f3 \u00e9s <a href=\"https:\/\/youtu.be\/CnyuKIV8J_M\"><em>Geometr\u00eda Polisentimental<\/em> <\/a>de l&#8217;<em>Alaska<\/em>.<\/p>\n<p>Els dies assignats per a cada classe s\u00f3n:<\/p>\n<ul>\n<li>3r C: DILLUNS 26 d&#8217;OCTUBRE DE 2020<\/li>\n<li>3r A: DIMARTS 27 d&#8217;OCTUBRE DE 2020<\/li>\n<li>3r B: DIMECRES 28 d&#8217;OCTUBRE DE 2020<\/li>\n<\/ul>\n<p>Gr\u00e0cies!<\/p>\n<p>Tutores i tutor de 3r<\/p>\n","protected":false},"excerpt":{"rendered":"<p>Hola fam\u00edlies,<a href=\"https:\/\/agora.xtec.cat\/escolalavilapalamos\/wp-content\/uploads\/usu897\/2020\/10\/12-figures-geometriques-per-a-l-aula.jpg\"><\/a><br \/>\nLa setmana del 26 al 30 d&#8217;octubre, els i les alumnes de 3r faran una sortida pel poble per anar a la recerca de figures geom\u00e8triques. Aquesta sortida ha sorgit arran d&#8217;una can\u00e7\u00f3 que vam treballar a l&#8217;aula on havien d&#8217;omplir buits. La&hellip;  <a href=\"https:\/\/agora.xtec.cat\/escolalavilapalamos\/portada\/sortida-de-3r-pel-poble\/\" title=\"Read Sortida de 3r pel poble!\">Llegeix m\u00e9s\u00bb<\/a><\/p>\n","protected":false},"author":5,"featured_media":8030,"comment_status":"open","ping_status":"closed","sticky":false,"template":"","format":"standard","meta":{"_bbp_topic_count":0,"_bbp_reply_count":0,"_bbp_total_topic_count":0,"_bbp_total_reply_count":0,"_bbp_voice_count":0,"_bbp_anonymous_reply_count":0,"_bbp_topic_count_hidden":0,"_bbp_reply_count_hidden":0,"_bbp_forum_subforum_count":0,"footnotes":""},"categories":[127,4,5],"tags":[],"class_list":["post-8029","post","type-post","status-publish","format-standard","has-post-thumbnail","hentry","category-comunitat-de-mitjans","category-portada","category-primaria"],"post_mailing_queue_ids":[],"_links":{"self":[{"href":"https:\/\/agora.xtec.cat\/escolalavilapalamos\/wp-json\/wp\/v2\/posts\/8029","targetHints":{"allow":["GET"]}}],"collection":[{"href":"https:\/\/agora.xtec.cat\/escolalavilapalamos\/wp-json\/wp\/v2\/posts"}],"about":[{"href":"https:\/\/agora.xtec.cat\/escolalavilapalamos\/wp-json\/wp\/v2\/types\/post"}],"author":[{"embeddable":true,"href":"https:\/\/agora.xtec.cat\/escolalavilapalamos\/wp-json\/wp\/v2\/users\/5"}],"replies":[{"embeddable":true,"href":"https:\/\/agora.xtec.cat\/escolalavilapalamos\/wp-json\/wp\/v2\/comments?post=8029"}],"version-history":[{"count":2,"href":"https:\/\/agora.xtec.cat\/escolalavilapalamos\/wp-json\/wp\/v2\/posts\/8029\/revisions"}],"predecessor-version":[{"id":8037,"href":"https:\/\/agora.xtec.cat\/escolalavilapalamos\/wp-json\/wp\/v2\/posts\/8029\/revisions\/8037"}],"wp:featuredmedia":[{"embeddable":true,"href":"https:\/\/agora.xtec.cat\/escolalavilapalamos\/wp-json\/wp\/v2\/media\/8030"}],"wp:attachment":[{"href":"https:\/\/agora.xtec.cat\/escolalavilapalamos\/wp-json\/wp\/v2\/media?parent=8029"}],"wp:term":[{"taxonomy":"category","embeddable":true,"href":"https:\/\/agora.xtec.cat\/escolalavilapalamos\/wp-json\/wp\/v2\/categories?post=8029"},{"taxonomy":"post_tag","embeddable":true,"href":"https:\/\/agora.xtec.cat\/escolalavilapalamos\/wp-json\/wp\/v2\/tags?post=8029"}],"curies":[{"name":"wp","href":"https:\/\/api.w.org\/{rel}","templated":true}]}}