{"id":8027,"date":"2020-11-06T09:57:12","date_gmt":"2020-11-06T08:57:12","guid":{"rendered":"http:\/\/agora.xtec.cat\/escolalavilapalamos\/?p=8027"},"modified":"2020-11-13T15:02:13","modified_gmt":"2020-11-13T14:02:13","slug":"ens-iniciem-amb-les-lletres","status":"publish","type":"post","link":"https:\/\/agora.xtec.cat\/escolalavilapalamos\/general\/ens-iniciem-amb-les-lletres\/","title":{"rendered":"Ens iniciem amb les lletres"},"content":{"rendered":"<p>Els nens i nenes de 1r s&#8217;inicien amb el treball de les lletres.<\/p>\n<p>Comencem el cam\u00ed de 1r procurant entendre la correspond\u00e8ncia entre les grafies i els fonemes. Comen\u00e7ant pel nom de cadasc\u00fa i seguint pels noms dels companys\/es de l&#8217;aula. Continuem generalitzant amb paraules del nostre entorn m\u00e9s proper ( dies de la setmana, mesos de l&#8217;any, fruits de la tardor,&#8230;). No \u00e9s un cam\u00ed f\u00e0cil, per\u00f2 la motivaci\u00f3 per poder fer servir el codi augmenta cada dia.<\/p>\n<p>Fem servir ortografia natural, escrivim les paraules tal com sonen.<\/p>\n<p>Les din\u00e0miques d&#8217;aula i les propostes de lectura i escriptura que proposem s\u00f3n diverses, per\u00f2 sempre procurem que l&#8217;alumne\/a hi vegi la funcionalitat i sigui el m\u00e0xim de significatiu per totes i tots.<\/p>\n<p>Us deixem algunes de les din\u00e0miques relacionades amb l&#8217;aprenentatge de la lectura i l&#8217;escriptura que han anat fent els vostres fills i filles a l&#8217;escola.<\/p>\n<p><a href=\"https:\/\/agora.xtec.cat\/escolalavilapalamos\/wp-content\/uploads\/usu897\/2020\/10\/pissarra.jpeg\"><img loading=\"lazy\" decoding=\"async\" class=\"alignnone wp-image-8071\" src=\"https:\/\/agora.xtec.cat\/escolalavilapalamos\/wp-content\/uploads\/usu897\/2020\/10\/pissarra.jpeg\" alt=\"\" width=\"430\" height=\"225\" srcset=\"https:\/\/agora.xtec.cat\/escolalavilapalamos\/wp-content\/uploads\/usu897\/2020\/10\/pissarra.jpeg 540w, https:\/\/agora.xtec.cat\/escolalavilapalamos\/wp-content\/uploads\/usu897\/2020\/10\/pissarra-300x157.jpeg 300w\" sizes=\"auto, (max-width: 430px) 100vw, 430px\" \/>\u00a0\u00a0 <\/a><a href=\"https:\/\/agora.xtec.cat\/escolalavilapalamos\/wp-content\/uploads\/usu897\/2020\/10\/WhatsApp-Image-2020-10-19-at-13.14.56.jpeg\"><img loading=\"lazy\" decoding=\"async\" class=\"alignnone wp-image-8063\" src=\"https:\/\/agora.xtec.cat\/escolalavilapalamos\/wp-content\/uploads\/usu897\/2020\/10\/WhatsApp-Image-2020-10-19-at-13.14.56-1024x768.jpeg\" alt=\"\" width=\"360\" height=\"270\" srcset=\"https:\/\/agora.xtec.cat\/escolalavilapalamos\/wp-content\/uploads\/usu897\/2020\/10\/WhatsApp-Image-2020-10-19-at-13.14.56.jpeg 1024w, https:\/\/agora.xtec.cat\/escolalavilapalamos\/wp-content\/uploads\/usu897\/2020\/10\/WhatsApp-Image-2020-10-19-at-13.14.56-300x225.jpeg 300w, https:\/\/agora.xtec.cat\/escolalavilapalamos\/wp-content\/uploads\/usu897\/2020\/10\/WhatsApp-Image-2020-10-19-at-13.14.56-768x576.jpeg 768w, https:\/\/agora.xtec.cat\/escolalavilapalamos\/wp-content\/uploads\/usu897\/2020\/10\/WhatsApp-Image-2020-10-19-at-13.14.56-200x150.jpeg 200w\" sizes=\"auto, (max-width: 360px) 100vw, 360px\" \/><\/a><\/p>\n<p><a href=\"https:\/\/agora.xtec.cat\/escolalavilapalamos\/wp-content\/uploads\/usu897\/2020\/10\/WhatsApp-Image-2020-10-31-at-17.29.14-3.jpeg\"><img loading=\"lazy\" decoding=\"async\" class=\"alignnone wp-image-8067\" src=\"https:\/\/agora.xtec.cat\/escolalavilapalamos\/wp-content\/uploads\/usu897\/2020\/10\/WhatsApp-Image-2020-10-31-at-17.29.14-3-1024x768.jpeg\" alt=\"\" width=\"395\" height=\"296\" srcset=\"https:\/\/agora.xtec.cat\/escolalavilapalamos\/wp-content\/uploads\/usu897\/2020\/10\/WhatsApp-Image-2020-10-31-at-17.29.14-3.jpeg 1024w, https:\/\/agora.xtec.cat\/escolalavilapalamos\/wp-content\/uploads\/usu897\/2020\/10\/WhatsApp-Image-2020-10-31-at-17.29.14-3-300x225.jpeg 300w, https:\/\/agora.xtec.cat\/escolalavilapalamos\/wp-content\/uploads\/usu897\/2020\/10\/WhatsApp-Image-2020-10-31-at-17.29.14-3-768x576.jpeg 768w, https:\/\/agora.xtec.cat\/escolalavilapalamos\/wp-content\/uploads\/usu897\/2020\/10\/WhatsApp-Image-2020-10-31-at-17.29.14-3-200x150.jpeg 200w\" sizes=\"auto, (max-width: 395px) 100vw, 395px\" \/><\/a> <a href=\"https:\/\/agora.xtec.cat\/escolalavilapalamos\/wp-content\/uploads\/usu897\/2020\/10\/WhatsApp-Image-2020-10-31-at-17.29.14.jpeg\"><img loading=\"lazy\" decoding=\"async\" class=\"alignnone wp-image-8070 \" src=\"https:\/\/agora.xtec.cat\/escolalavilapalamos\/wp-content\/uploads\/usu897\/2020\/10\/WhatsApp-Image-2020-10-31-at-17.29.14-e1604162218111-1024x768.jpeg\" alt=\"\" width=\"360\" height=\"270\" srcset=\"https:\/\/agora.xtec.cat\/escolalavilapalamos\/wp-content\/uploads\/usu897\/2020\/10\/WhatsApp-Image-2020-10-31-at-17.29.14-e1604162218111.jpeg 1024w, https:\/\/agora.xtec.cat\/escolalavilapalamos\/wp-content\/uploads\/usu897\/2020\/10\/WhatsApp-Image-2020-10-31-at-17.29.14-e1604162218111-300x225.jpeg 300w, https:\/\/agora.xtec.cat\/escolalavilapalamos\/wp-content\/uploads\/usu897\/2020\/10\/WhatsApp-Image-2020-10-31-at-17.29.14-e1604162218111-768x576.jpeg 768w, https:\/\/agora.xtec.cat\/escolalavilapalamos\/wp-content\/uploads\/usu897\/2020\/10\/WhatsApp-Image-2020-10-31-at-17.29.14-e1604162218111-200x150.jpeg 200w\" sizes=\"auto, (max-width: 360px) 100vw, 360px\" \/><\/a> <a href=\"https:\/\/agora.xtec.cat\/escolalavilapalamos\/wp-content\/uploads\/usu897\/2020\/10\/WhatsApp-Image-2020-10-31-at-17.29.14-5.jpeg\"><img loading=\"lazy\" decoding=\"async\" class=\"alignnone wp-image-8065\" src=\"https:\/\/agora.xtec.cat\/escolalavilapalamos\/wp-content\/uploads\/usu897\/2020\/10\/WhatsApp-Image-2020-10-31-at-17.29.14-5-1024x768.jpeg\" alt=\"\" width=\"395\" height=\"296\" srcset=\"https:\/\/agora.xtec.cat\/escolalavilapalamos\/wp-content\/uploads\/usu897\/2020\/10\/WhatsApp-Image-2020-10-31-at-17.29.14-5.jpeg 1024w, https:\/\/agora.xtec.cat\/escolalavilapalamos\/wp-content\/uploads\/usu897\/2020\/10\/WhatsApp-Image-2020-10-31-at-17.29.14-5-300x225.jpeg 300w, https:\/\/agora.xtec.cat\/escolalavilapalamos\/wp-content\/uploads\/usu897\/2020\/10\/WhatsApp-Image-2020-10-31-at-17.29.14-5-768x576.jpeg 768w, https:\/\/agora.xtec.cat\/escolalavilapalamos\/wp-content\/uploads\/usu897\/2020\/10\/WhatsApp-Image-2020-10-31-at-17.29.14-5-200x150.jpeg 200w\" sizes=\"auto, (max-width: 395px) 100vw, 395px\" \/><\/a><\/p>\n","protected":false},"excerpt":{"rendered":"<p>Els nens i nenes de 1r s&#8217;inicien amb el treball de les lletres.<br \/>\nComencem el cam\u00ed de 1r procurant entendre la correspond\u00e8ncia entre les grafies i els fonemes. Comen\u00e7ant pel nom de cadasc\u00fa i seguint pels noms dels companys\/es de l&#8217;aula. Continuem generalitzant amb paraules del&hellip;  <a href=\"https:\/\/agora.xtec.cat\/escolalavilapalamos\/general\/ens-iniciem-amb-les-lletres\/\" title=\"Read Ens iniciem amb les lletres\">Llegeix m\u00e9s\u00bb<\/a><\/p>\n","protected":false},"author":106,"featured_media":8067,"comment_status":"open","ping_status":"closed","sticky":false,"template":"","format":"standard","meta":{"_bbp_topic_count":0,"_bbp_reply_count":0,"_bbp_total_topic_count":0,"_bbp_total_reply_count":0,"_bbp_voice_count":0,"_bbp_anonymous_reply_count":0,"_bbp_topic_count_hidden":0,"_bbp_reply_count_hidden":0,"_bbp_forum_subforum_count":0,"footnotes":""},"categories":[127,1,5],"tags":[],"class_list":["post-8027","post","type-post","status-publish","format-standard","has-post-thumbnail","hentry","category-comunitat-de-mitjans","category-general","category-primaria"],"post_mailing_queue_ids":[],"_links":{"self":[{"href":"https:\/\/agora.xtec.cat\/escolalavilapalamos\/wp-json\/wp\/v2\/posts\/8027","targetHints":{"allow":["GET"]}}],"collection":[{"href":"https:\/\/agora.xtec.cat\/escolalavilapalamos\/wp-json\/wp\/v2\/posts"}],"about":[{"href":"https:\/\/agora.xtec.cat\/escolalavilapalamos\/wp-json\/wp\/v2\/types\/post"}],"author":[{"embeddable":true,"href":"https:\/\/agora.xtec.cat\/escolalavilapalamos\/wp-json\/wp\/v2\/users\/106"}],"replies":[{"embeddable":true,"href":"https:\/\/agora.xtec.cat\/escolalavilapalamos\/wp-json\/wp\/v2\/comments?post=8027"}],"version-history":[{"count":2,"href":"https:\/\/agora.xtec.cat\/escolalavilapalamos\/wp-json\/wp\/v2\/posts\/8027\/revisions"}],"predecessor-version":[{"id":8090,"href":"https:\/\/agora.xtec.cat\/escolalavilapalamos\/wp-json\/wp\/v2\/posts\/8027\/revisions\/8090"}],"wp:featuredmedia":[{"embeddable":true,"href":"https:\/\/agora.xtec.cat\/escolalavilapalamos\/wp-json\/wp\/v2\/media\/8067"}],"wp:attachment":[{"href":"https:\/\/agora.xtec.cat\/escolalavilapalamos\/wp-json\/wp\/v2\/media?parent=8027"}],"wp:term":[{"taxonomy":"category","embeddable":true,"href":"https:\/\/agora.xtec.cat\/escolalavilapalamos\/wp-json\/wp\/v2\/categories?post=8027"},{"taxonomy":"post_tag","embeddable":true,"href":"https:\/\/agora.xtec.cat\/escolalavilapalamos\/wp-json\/wp\/v2\/tags?post=8027"}],"curies":[{"name":"wp","href":"https:\/\/api.w.org\/{rel}","templated":true}]}}