{"id":8020,"date":"2020-09-27T09:49:16","date_gmt":"2020-09-27T07:49:16","guid":{"rendered":"http:\/\/agora.xtec.cat\/escolalavilapalamos\/?p=8020"},"modified":"2020-10-16T09:51:48","modified_gmt":"2020-10-16T07:51:48","slug":"reunions-dinici-de-curs-2020-21","status":"publish","type":"post","link":"https:\/\/agora.xtec.cat\/escolalavilapalamos\/general\/reunions-dinici-de-curs-2020-21\/","title":{"rendered":"Reunions d&#8217;inici de curs 2020-21"},"content":{"rendered":"<header><\/header>\n<header class=\"entry-header\"><\/header>\n<h5 class=\"entry-header\"><img loading=\"lazy\" decoding=\"async\" class=\" alignright\" src=\"https:\/\/www.educaciodema.cat\/sites\/default\/files\/styles\/agenda\/public\/3._crida-rfamilies-vvert-slogo_copia.png?itok=Uy2SR5Gw\" width=\"314\" height=\"282\" \/><\/h5>\n<header><\/header>\n<header class=\"entry-header\"><\/header>\n<header class=\"entry-header\"><\/header>\n<header class=\"entry-header\"><\/header>\n<header class=\"entry-header\"><\/header>\n<header class=\"entry-header\"><\/header>\n<header class=\"entry-header\"><\/header>\n<header><\/header>\n<header class=\"entry-header\"><\/header>\n<header><\/header>\n<header><\/header>\n<header class=\"entry-header\">Les reunions amb les fam\u00edlies es faran per grup-classe i per videoconfer\u00e8ncia. Us arribar\u00e0 un mail amb la convocat\u00f2ria de la reuni\u00f3 per google meet.\u00a0 Les dates s\u00f3n:<\/header>\n<header><\/header>\n<header><\/header>\n<header><\/header>\n<header><\/header>\n<header><\/header>\n<header><\/header>\n<header><\/header>\n<header><\/header>\n<div class=\"entry-content\">\n<p><strong>Dimarts 29 de setembre. <\/strong>2n B (19h)<\/p>\n<p><strong>Dijous 1 d&#8217;octubre. <\/strong>2n C (18h)<strong><br \/>\n<\/strong><\/p>\n<p><strong>Dilluns 5 d&#8217;octubre. <\/strong>4ts (18h), P4A i P4C (19h) i P4B (20h)<\/p>\n<p><strong>Dimarts 6 d&#8217;octubre. <\/strong>5\u00e8s (18h)<\/p>\n<p><strong>Dimecres\u00a0 7 d&#8217;octubre. <\/strong>6\u00e8s (18h) 3rA (17h) 3r B (18h) i 3rC i 2n A (19h)<\/p>\n<p><strong>Dijous 8 d&#8217;octubre. <\/strong>1rs (18h) i P5s (19h)<\/p>\n<p>En el cas que no pugueu assistir a la reuni\u00f3 poseu-vos en contacte amb el\/la tutor\/a a trav\u00e9s del seu correu electr\u00f2nic. Tamb\u00e9 podeu demanar informaci\u00f3 de tot all\u00f2 que no us quedi clar a trav\u00e9s del correu electr\u00f2nic de l&#8217;escola <a href=\"mailto:b7002560@xtec.cat\">b7002569@xtec.cat<\/a>.<\/p>\n<\/div>\n","protected":false},"excerpt":{"rendered":"<p>Les reunions amb les fam\u00edlies es faran per grup-classe i per videoconfer\u00e8ncia. Us arribar\u00e0 un mail amb la convocat\u00f2ria de la reuni\u00f3 per google meet.\u00a0 Les dates s\u00f3n:<\/p>\n<p>Dimarts 29 de setembre. 2n B (19h)<br \/>\nDijous 1 d&#8217;octubre. 2n C (18h)<\/p>\n<p>Dilluns 5 d&#8217;octubre. 4ts (18h), P4A i&hellip;  <a href=\"https:\/\/agora.xtec.cat\/escolalavilapalamos\/general\/reunions-dinici-de-curs-2020-21\/\" title=\"Read Reunions d&#8217;inici de curs 2020-21\">Llegeix m\u00e9s\u00bb<\/a><\/p>\n","protected":false},"author":1,"featured_media":3317,"comment_status":"open","ping_status":"closed","sticky":false,"template":"","format":"standard","meta":{"_bbp_topic_count":0,"_bbp_reply_count":0,"_bbp_total_topic_count":0,"_bbp_total_reply_count":0,"_bbp_voice_count":0,"_bbp_anonymous_reply_count":0,"_bbp_topic_count_hidden":0,"_bbp_reply_count_hidden":0,"_bbp_forum_subforum_count":0,"footnotes":""},"categories":[1,4],"tags":[],"class_list":["post-8020","post","type-post","status-publish","format-standard","has-post-thumbnail","hentry","category-general","category-portada"],"post_mailing_queue_ids":[],"_links":{"self":[{"href":"https:\/\/agora.xtec.cat\/escolalavilapalamos\/wp-json\/wp\/v2\/posts\/8020","targetHints":{"allow":["GET"]}}],"collection":[{"href":"https:\/\/agora.xtec.cat\/escolalavilapalamos\/wp-json\/wp\/v2\/posts"}],"about":[{"href":"https:\/\/agora.xtec.cat\/escolalavilapalamos\/wp-json\/wp\/v2\/types\/post"}],"author":[{"embeddable":true,"href":"https:\/\/agora.xtec.cat\/escolalavilapalamos\/wp-json\/wp\/v2\/users\/1"}],"replies":[{"embeddable":true,"href":"https:\/\/agora.xtec.cat\/escolalavilapalamos\/wp-json\/wp\/v2\/comments?post=8020"}],"version-history":[{"count":1,"href":"https:\/\/agora.xtec.cat\/escolalavilapalamos\/wp-json\/wp\/v2\/posts\/8020\/revisions"}],"predecessor-version":[{"id":8021,"href":"https:\/\/agora.xtec.cat\/escolalavilapalamos\/wp-json\/wp\/v2\/posts\/8020\/revisions\/8021"}],"wp:featuredmedia":[{"embeddable":true,"href":"https:\/\/agora.xtec.cat\/escolalavilapalamos\/wp-json\/wp\/v2\/media\/3317"}],"wp:attachment":[{"href":"https:\/\/agora.xtec.cat\/escolalavilapalamos\/wp-json\/wp\/v2\/media?parent=8020"}],"wp:term":[{"taxonomy":"category","embeddable":true,"href":"https:\/\/agora.xtec.cat\/escolalavilapalamos\/wp-json\/wp\/v2\/categories?post=8020"},{"taxonomy":"post_tag","embeddable":true,"href":"https:\/\/agora.xtec.cat\/escolalavilapalamos\/wp-json\/wp\/v2\/tags?post=8020"}],"curies":[{"name":"wp","href":"https:\/\/api.w.org\/{rel}","templated":true}]}}