{"id":8015,"date":"2020-10-14T16:10:24","date_gmt":"2020-10-14T14:10:24","guid":{"rendered":"http:\/\/agora.xtec.cat\/escolalavilapalamos\/?p=8015"},"modified":"2020-10-14T16:10:24","modified_gmt":"2020-10-14T14:10:24","slug":"la-festa-de-la-castanyada","status":"publish","type":"post","link":"https:\/\/agora.xtec.cat\/escolalavilapalamos\/general\/la-festa-de-la-castanyada\/","title":{"rendered":"La festa de la castanyada"},"content":{"rendered":"<p><a href=\"https:\/\/agora.xtec.cat\/escolalavilapalamos\/wp-content\/uploads\/usu897\/2017\/11\/castanyera.jpg\"><img loading=\"lazy\" decoding=\"async\" class=\"wp-image-2003 alignright\" src=\"https:\/\/agora.xtec.cat\/escolalavilapalamos\/wp-content\/uploads\/usu897\/2017\/11\/castanyera.jpg\" alt=\"\" width=\"394\" height=\"335\" srcset=\"https:\/\/agora.xtec.cat\/escolalavilapalamos\/wp-content\/uploads\/usu897\/2017\/11\/castanyera.jpg 736w, https:\/\/agora.xtec.cat\/escolalavilapalamos\/wp-content\/uploads\/usu897\/2017\/11\/castanyera-300x256.jpg 300w\" sizes=\"auto, (max-width: 394px) 100vw, 394px\" \/><\/a>Benvolgudes fam\u00edlies,<\/p>\n<p>S&#8217;acosta la Festa de la Castanyada i aquest curs l&#8217; haurem de celebrar d&#8217;una manera ben diferent a com hav\u00edem fet fins ara. Aviat us passarem informaci\u00f3 de les activitats que farem dins de cada grup classe.<\/p>\n<p>De moment us volem demanar la vostra col\u00b7laboraci\u00f3 per ajudar-nos a treballar tot el que envolta la tradici\u00f3 de la Castanyada.\u00a0 <strong>Us volem proposar que ens envieu \u00a0un v\u00eddeo a trav\u00e9s del correu del vostre tutor\/a explicant com celebr\u00e0veu la castanyada quan \u00e9reu petits, alguna an\u00e8cdota, alguna curiositat sobre aquesta festa tradicional o si al lloc on viv\u00edeu hi havia altres tradicions durant la tardor diferents de la Castanyada..<\/strong>.us estarem molt agra\u00efts, sobretot els nens i nenes que podran visualitzar els vostres v\u00eddeos durant la setmana del 26 al 30 d\u2019octubre i aprendre moltes coses sobre aquesta i altres tradicions. Podeu enviar els vostres v\u00eddeos des d\u2019avui dimecres 14 d&#8217;octubre mateix fins el dilluns 26 d&#8217;octubre. Hi poden participar pares, mares, germans\/es, avis i \u00e0vies&#8230;<\/p>\n<p>Moltes gr\u00e0cies per la vostra col\u00b7laboraci\u00f3<\/p>\n<p>Equip de mestres Escola La Vila<\/p>\n","protected":false},"excerpt":{"rendered":"<p><a href=\"https:\/\/agora.xtec.cat\/escolalavilapalamos\/wp-content\/uploads\/usu897\/2017\/11\/castanyera.jpg\"><\/a>Benvolgudes fam\u00edlies,<br \/>\nS&#8217;acosta la Festa de la Castanyada i aquest curs l&#8217; haurem de celebrar d&#8217;una manera ben diferent a com hav\u00edem fet fins ara. Aviat us passarem informaci\u00f3 de les activitats que farem dins de cada grup classe.<br \/>\nDe moment us volem demanar la vostra&hellip;  <a href=\"https:\/\/agora.xtec.cat\/escolalavilapalamos\/general\/la-festa-de-la-castanyada\/\" title=\"Read La festa de la castanyada\">Llegeix m\u00e9s\u00bb<\/a><\/p>\n","protected":false},"author":1,"featured_media":2003,"comment_status":"open","ping_status":"closed","sticky":false,"template":"","format":"standard","meta":{"_bbp_topic_count":0,"_bbp_reply_count":0,"_bbp_total_topic_count":0,"_bbp_total_reply_count":0,"_bbp_voice_count":0,"_bbp_anonymous_reply_count":0,"_bbp_topic_count_hidden":0,"_bbp_reply_count_hidden":0,"_bbp_forum_subforum_count":0,"footnotes":""},"categories":[128,127,2,1,4],"tags":[],"class_list":["post-8015","post","type-post","status-publish","format-standard","has-post-thumbnail","hentry","category-comunitat-de-grans","category-comunitat-de-mitjans","category-infantil","category-general","category-portada"],"post_mailing_queue_ids":[],"_links":{"self":[{"href":"https:\/\/agora.xtec.cat\/escolalavilapalamos\/wp-json\/wp\/v2\/posts\/8015","targetHints":{"allow":["GET"]}}],"collection":[{"href":"https:\/\/agora.xtec.cat\/escolalavilapalamos\/wp-json\/wp\/v2\/posts"}],"about":[{"href":"https:\/\/agora.xtec.cat\/escolalavilapalamos\/wp-json\/wp\/v2\/types\/post"}],"author":[{"embeddable":true,"href":"https:\/\/agora.xtec.cat\/escolalavilapalamos\/wp-json\/wp\/v2\/users\/1"}],"replies":[{"embeddable":true,"href":"https:\/\/agora.xtec.cat\/escolalavilapalamos\/wp-json\/wp\/v2\/comments?post=8015"}],"version-history":[{"count":1,"href":"https:\/\/agora.xtec.cat\/escolalavilapalamos\/wp-json\/wp\/v2\/posts\/8015\/revisions"}],"predecessor-version":[{"id":8016,"href":"https:\/\/agora.xtec.cat\/escolalavilapalamos\/wp-json\/wp\/v2\/posts\/8015\/revisions\/8016"}],"wp:featuredmedia":[{"embeddable":true,"href":"https:\/\/agora.xtec.cat\/escolalavilapalamos\/wp-json\/wp\/v2\/media\/2003"}],"wp:attachment":[{"href":"https:\/\/agora.xtec.cat\/escolalavilapalamos\/wp-json\/wp\/v2\/media?parent=8015"}],"wp:term":[{"taxonomy":"category","embeddable":true,"href":"https:\/\/agora.xtec.cat\/escolalavilapalamos\/wp-json\/wp\/v2\/categories?post=8015"},{"taxonomy":"post_tag","embeddable":true,"href":"https:\/\/agora.xtec.cat\/escolalavilapalamos\/wp-json\/wp\/v2\/tags?post=8015"}],"curies":[{"name":"wp","href":"https:\/\/api.w.org\/{rel}","templated":true}]}}