{"id":8004,"date":"2020-10-13T11:10:07","date_gmt":"2020-10-13T09:10:07","guid":{"rendered":"http:\/\/agora.xtec.cat\/escolalavilapalamos\/?p=8004"},"modified":"2020-10-13T11:12:21","modified_gmt":"2020-10-13T09:12:21","slug":"enquesta-sobre-dispositius-informatics-dels-alumnes","status":"publish","type":"post","link":"https:\/\/agora.xtec.cat\/escolalavilapalamos\/general\/enquesta-sobre-dispositius-informatics-dels-alumnes\/","title":{"rendered":"Enquesta sobre dispositius inform\u00e0tics dels alumnes"},"content":{"rendered":"<p><a href=\"https:\/\/agora.xtec.cat\/escolalavilapalamos\/wp-content\/uploads\/usu897\/2020\/10\/PHONETABPRO64-0.jpg\"><img loading=\"lazy\" decoding=\"async\" class=\"wp-image-8005 alignright\" src=\"https:\/\/agora.xtec.cat\/escolalavilapalamos\/wp-content\/uploads\/usu897\/2020\/10\/PHONETABPRO64-0-1024x1024.jpg\" alt=\"\" width=\"245\" height=\"245\" srcset=\"https:\/\/agora.xtec.cat\/escolalavilapalamos\/wp-content\/uploads\/usu897\/2020\/10\/PHONETABPRO64-0-1024x1024.jpg 1024w, https:\/\/agora.xtec.cat\/escolalavilapalamos\/wp-content\/uploads\/usu897\/2020\/10\/PHONETABPRO64-0-150x150.jpg 150w, https:\/\/agora.xtec.cat\/escolalavilapalamos\/wp-content\/uploads\/usu897\/2020\/10\/PHONETABPRO64-0-300x300.jpg 300w, https:\/\/agora.xtec.cat\/escolalavilapalamos\/wp-content\/uploads\/usu897\/2020\/10\/PHONETABPRO64-0-768x768.jpg 768w, https:\/\/agora.xtec.cat\/escolalavilapalamos\/wp-content\/uploads\/usu897\/2020\/10\/PHONETABPRO64-0.jpg 1900w\" sizes=\"auto, (max-width: 245px) 100vw, 245px\" \/><\/a>Des de fa ja alguns anys la digitalitzaci\u00f3 de les escoles \u00e9s un fet. L\u2019\u00fas de dispositius\u00a0 electr\u00f2nics i inform\u00e0tics \u00e9s habitual en el dia a dia de l\u2019aula.\u00a0 Durant els mesos de confinament del curs passat vam detectar les necessitats digitals de molts alumnes per poder\u00a0 seguir amb normalitat les classes des de casa. Aquesta enquesta intenta con\u00e8ixer la realitat digital de les fam\u00edlies de l\u2019escola La Vila.<\/p>\n<p>\u00c9s per aquest motiu que us fem arribar aquesta enquesta per con\u00e8ixer la realitat digital de les fam\u00edlies de l&#8217;escola en cas de nou confinament.<\/p>\n<p>Els nens i nenes porten l&#8217;enquesta a casa. Tamb\u00e9 us la podeu descarregar <a href=\"https:\/\/drive.google.com\/file\/d\/1qOmgHfdtPNTS7Dhd204O_SXTgBXzjlUE\/view?usp=sharing\">aqu\u00ed<\/a>.<\/p>\n","protected":false},"excerpt":{"rendered":"<p><a href=\"https:\/\/agora.xtec.cat\/escolalavilapalamos\/wp-content\/uploads\/usu897\/2020\/10\/PHONETABPRO64-0.jpg\"><\/a>Des de fa ja alguns anys la digitalitzaci\u00f3 de les escoles \u00e9s un fet. L\u2019\u00fas de dispositius\u00a0 electr\u00f2nics i inform\u00e0tics \u00e9s habitual en el dia a dia de l\u2019aula.\u00a0 Durant els mesos de confinament del curs passat vam detectar les necessitats digitals de molts&hellip;  <a href=\"https:\/\/agora.xtec.cat\/escolalavilapalamos\/general\/enquesta-sobre-dispositius-informatics-dels-alumnes\/\" title=\"Read Enquesta sobre dispositius inform\u00e0tics dels alumnes\">Llegeix m\u00e9s\u00bb<\/a><\/p>\n","protected":false},"author":1,"featured_media":8005,"comment_status":"open","ping_status":"closed","sticky":false,"template":"","format":"standard","meta":{"_bbp_topic_count":0,"_bbp_reply_count":0,"_bbp_total_topic_count":0,"_bbp_total_reply_count":0,"_bbp_voice_count":0,"_bbp_anonymous_reply_count":0,"_bbp_topic_count_hidden":0,"_bbp_reply_count_hidden":0,"_bbp_forum_subforum_count":0,"footnotes":""},"categories":[128,127,2,1,4],"tags":[],"class_list":["post-8004","post","type-post","status-publish","format-standard","has-post-thumbnail","hentry","category-comunitat-de-grans","category-comunitat-de-mitjans","category-infantil","category-general","category-portada"],"post_mailing_queue_ids":[],"_links":{"self":[{"href":"https:\/\/agora.xtec.cat\/escolalavilapalamos\/wp-json\/wp\/v2\/posts\/8004","targetHints":{"allow":["GET"]}}],"collection":[{"href":"https:\/\/agora.xtec.cat\/escolalavilapalamos\/wp-json\/wp\/v2\/posts"}],"about":[{"href":"https:\/\/agora.xtec.cat\/escolalavilapalamos\/wp-json\/wp\/v2\/types\/post"}],"author":[{"embeddable":true,"href":"https:\/\/agora.xtec.cat\/escolalavilapalamos\/wp-json\/wp\/v2\/users\/1"}],"replies":[{"embeddable":true,"href":"https:\/\/agora.xtec.cat\/escolalavilapalamos\/wp-json\/wp\/v2\/comments?post=8004"}],"version-history":[{"count":3,"href":"https:\/\/agora.xtec.cat\/escolalavilapalamos\/wp-json\/wp\/v2\/posts\/8004\/revisions"}],"predecessor-version":[{"id":8009,"href":"https:\/\/agora.xtec.cat\/escolalavilapalamos\/wp-json\/wp\/v2\/posts\/8004\/revisions\/8009"}],"wp:featuredmedia":[{"embeddable":true,"href":"https:\/\/agora.xtec.cat\/escolalavilapalamos\/wp-json\/wp\/v2\/media\/8005"}],"wp:attachment":[{"href":"https:\/\/agora.xtec.cat\/escolalavilapalamos\/wp-json\/wp\/v2\/media?parent=8004"}],"wp:term":[{"taxonomy":"category","embeddable":true,"href":"https:\/\/agora.xtec.cat\/escolalavilapalamos\/wp-json\/wp\/v2\/categories?post=8004"},{"taxonomy":"post_tag","embeddable":true,"href":"https:\/\/agora.xtec.cat\/escolalavilapalamos\/wp-json\/wp\/v2\/tags?post=8004"}],"curies":[{"name":"wp","href":"https:\/\/api.w.org\/{rel}","templated":true}]}}