{"id":8000,"date":"2020-10-09T14:56:39","date_gmt":"2020-10-09T12:56:39","guid":{"rendered":"http:\/\/agora.xtec.cat\/escolalavilapalamos\/?p=8000"},"modified":"2020-10-09T14:56:39","modified_gmt":"2020-10-09T12:56:39","slug":"retorn-de-targetes-menjador-del-curs-19-20","status":"publish","type":"post","link":"https:\/\/agora.xtec.cat\/escolalavilapalamos\/general\/retorn-de-targetes-menjador-del-curs-19-20\/","title":{"rendered":"Retorn de targetes menjador del curs 19-20"},"content":{"rendered":"<p><a href=\"https:\/\/agora.xtec.cat\/escolalavilapalamos\/wp-content\/uploads\/usu897\/2020\/10\/WhatsApp-Image-2020-03-24-at-16.19.26-e1585064456881.jpeg\"><img loading=\"lazy\" decoding=\"async\" class=\"wp-image-8001 alignleft\" src=\"https:\/\/agora.xtec.cat\/escolalavilapalamos\/wp-content\/uploads\/usu897\/2020\/10\/WhatsApp-Image-2020-03-24-at-16.19.26-e1585064456881.jpeg\" alt=\"\" width=\"236\" height=\"242\" srcset=\"https:\/\/agora.xtec.cat\/escolalavilapalamos\/wp-content\/uploads\/usu897\/2020\/10\/WhatsApp-Image-2020-03-24-at-16.19.26-e1585064456881.jpeg 410w, https:\/\/agora.xtec.cat\/escolalavilapalamos\/wp-content\/uploads\/usu897\/2020\/10\/WhatsApp-Image-2020-03-24-at-16.19.26-e1585064456881-292x300.jpeg 292w\" sizes=\"auto, (max-width: 236px) 100vw, 236px\" \/><\/a>Les fam\u00edlies que el curs passat 19-20, disposaven de targetes moneder durant el confinament les han de retornar al centre docent\u00a0 <strong>abans del 23 d\u2019octubre de 2020.\u00a0<\/strong><\/p>\n<p>Per fer-ho podeu passar a deixar-li a la Pilar Ortega coordinadora del servei a l&#8217;espai d&#8217;acollida de 8:45 a 9:15h o b\u00e9 a la secretaria de l&#8217;escola de 8:30 a 13h o de 14:30 a 16h. Heu d&#8217;indicar el nom de l&#8217;alumne i el curs que feia l&#8217;any passat.<\/p>\n<p>Durant la setmana\u00a0<strong>del 26 al 30 d\u2019octubre<\/strong>\u00a0caldr\u00e0 que les fem arribar al Consell comarcal.<\/p>\n<p>Aprofitem tamb\u00e9 per informar-vos que hi ha nova p\u00e0gina web del consell comarcal i podeu consultar-la al seg\u00fcent enlla\u00e7:\u00a0<a href=\"https:\/\/www.baixemporda.cat\/ca\/\" data-saferedirecturl=\"https:\/\/www.google.com\/url?q=https:\/\/www.baixemporda.cat\/ca\/&amp;source=gmail&amp;ust=1602327658461000&amp;usg=AFQjCNGM1v5AL4q0vYBdPVKHvhlTYwEMow\">https:\/\/www.baixemporda.cat\/ca\/<\/a><\/p>\n<p>&nbsp;<\/p>\n","protected":false},"excerpt":{"rendered":"<p><a href=\"https:\/\/agora.xtec.cat\/escolalavilapalamos\/wp-content\/uploads\/usu897\/2020\/10\/WhatsApp-Image-2020-03-24-at-16.19.26-e1585064456881.jpeg\"><\/a>Les fam\u00edlies que el curs passat 19-20, disposaven de targetes moneder durant el confinament les han de retornar al centre docent\u00a0 abans del 23 d\u2019octubre de 2020.\u00a0<br \/>\nPer fer-ho podeu passar a deixar-li a la Pilar Ortega coordinadora del servei a l&#8217;espai d&#8217;acollida de 8:45&hellip;  <a href=\"https:\/\/agora.xtec.cat\/escolalavilapalamos\/general\/retorn-de-targetes-menjador-del-curs-19-20\/\" title=\"Read Retorn de targetes menjador del curs 19-20\">Llegeix m\u00e9s\u00bb<\/a><\/p>\n","protected":false},"author":1,"featured_media":8001,"comment_status":"open","ping_status":"closed","sticky":false,"template":"","format":"standard","meta":{"_bbp_topic_count":0,"_bbp_reply_count":0,"_bbp_total_topic_count":0,"_bbp_total_reply_count":0,"_bbp_voice_count":0,"_bbp_anonymous_reply_count":0,"_bbp_topic_count_hidden":0,"_bbp_reply_count_hidden":0,"_bbp_forum_subforum_count":0,"footnotes":""},"categories":[1,4],"tags":[],"class_list":["post-8000","post","type-post","status-publish","format-standard","has-post-thumbnail","hentry","category-general","category-portada"],"post_mailing_queue_ids":[],"_links":{"self":[{"href":"https:\/\/agora.xtec.cat\/escolalavilapalamos\/wp-json\/wp\/v2\/posts\/8000","targetHints":{"allow":["GET"]}}],"collection":[{"href":"https:\/\/agora.xtec.cat\/escolalavilapalamos\/wp-json\/wp\/v2\/posts"}],"about":[{"href":"https:\/\/agora.xtec.cat\/escolalavilapalamos\/wp-json\/wp\/v2\/types\/post"}],"author":[{"embeddable":true,"href":"https:\/\/agora.xtec.cat\/escolalavilapalamos\/wp-json\/wp\/v2\/users\/1"}],"replies":[{"embeddable":true,"href":"https:\/\/agora.xtec.cat\/escolalavilapalamos\/wp-json\/wp\/v2\/comments?post=8000"}],"version-history":[{"count":1,"href":"https:\/\/agora.xtec.cat\/escolalavilapalamos\/wp-json\/wp\/v2\/posts\/8000\/revisions"}],"predecessor-version":[{"id":8002,"href":"https:\/\/agora.xtec.cat\/escolalavilapalamos\/wp-json\/wp\/v2\/posts\/8000\/revisions\/8002"}],"wp:featuredmedia":[{"embeddable":true,"href":"https:\/\/agora.xtec.cat\/escolalavilapalamos\/wp-json\/wp\/v2\/media\/8001"}],"wp:attachment":[{"href":"https:\/\/agora.xtec.cat\/escolalavilapalamos\/wp-json\/wp\/v2\/media?parent=8000"}],"wp:term":[{"taxonomy":"category","embeddable":true,"href":"https:\/\/agora.xtec.cat\/escolalavilapalamos\/wp-json\/wp\/v2\/categories?post=8000"},{"taxonomy":"post_tag","embeddable":true,"href":"https:\/\/agora.xtec.cat\/escolalavilapalamos\/wp-json\/wp\/v2\/tags?post=8000"}],"curies":[{"name":"wp","href":"https:\/\/api.w.org\/{rel}","templated":true}]}}