{"id":7988,"date":"2020-09-05T16:22:31","date_gmt":"2020-09-05T14:22:31","guid":{"rendered":"http:\/\/agora.xtec.cat\/escolalavilapalamos\/?p=7988"},"modified":"2020-10-07T16:23:56","modified_gmt":"2020-10-07T14:23:56","slug":"informacio-dinici-de-curs-2020-21","status":"publish","type":"post","link":"https:\/\/agora.xtec.cat\/escolalavilapalamos\/infantil\/informacio-dinici-de-curs-2020-21\/","title":{"rendered":"Informaci\u00f3 d&#8217;inici de curs 2020-21"},"content":{"rendered":"<h5 data-fontsize=\"20\" data-lineheight=\"29px\">\u201cCada infant \u00e9s un Newton, un Einsten, perqu\u00e8 \u00e9s capa\u00e7 de crear les seves pr\u00f2pies hist\u00f2ries, el seu laboratori i dur a terme els seus descobriments, els seus propis aprenentatges. Per\u00f2<a href=\"https:\/\/agora.xtec.cat\/escolalavilapalamos\/wp-content\/uploads\/usu897\/2020\/09\/45545b6ff157d384a494a2be8a024a00.jpg\"><img loading=\"lazy\" decoding=\"async\" class=\" wp-image-7939 alignright\" src=\"https:\/\/agora.xtec.cat\/escolalavilapalamos\/wp-content\/uploads\/usu897\/2020\/09\/45545b6ff157d384a494a2be8a024a00.jpg\" alt=\"\" width=\"236\" height=\"333\" srcset=\"https:\/\/agora.xtec.cat\/escolalavilapalamos\/wp-content\/uploads\/usu897\/2020\/09\/45545b6ff157d384a494a2be8a024a00.jpg 236w, https:\/\/agora.xtec.cat\/escolalavilapalamos\/wp-content\/uploads\/usu897\/2020\/09\/45545b6ff157d384a494a2be8a024a00-213x300.jpg 213w\" sizes=\"auto, (max-width: 236px) 100vw, 236px\" \/><\/a> una condici\u00f3 indispensable \u00e9s el temps, el respecte que cada infant necessita per construir i organitzar el seu m\u00f3n d\u2019aprenentatges.\u201d<\/h5>\n<h5 data-fontsize=\"20\" data-lineheight=\"29px\">\u2013 Nancy Bells \u2013<\/h5>\n<p>&nbsp;<\/p>\n<h5>Benvinguts\/des al nou curs 2020-21 !!!<\/h5>\n<p>Aquest any les reunions de mares i pares amb tota la informaci\u00f3 del curs s&#8217;han fet a trav\u00e9s d&#8217;audiovisuals on podreu con\u00e8ixer les tutores\/rs i tot el que els\/les alumnes necessiten portar a l&#8217;escola, aix\u00ed com aspectes importants del dia a dia de l&#8217;aula.<\/p>\n<p><iframe loading=\"lazy\" src=\"\/\/www.youtube.com\/embed\/S6OI8SIXygQ\" width=\"560\" height=\"314\" data-mce-fragment=\"1\"><\/iframe><\/p>\n<p>Tots els dubtes que tingueu sobre l&#8217;organitzaci\u00f3 del curs escolar els podeu enviar al correu <a href=\"mailto:reuniofamilies@escolalavila.cat\">reuniofamilies@escolalavila.cat<\/a>. Tamb\u00e9 podeu enviar missatges a les tutores\/rs de cada curs. En els v\u00eddeos trobareu tots els correus electr\u00f2nics dels\/de les mestres.<\/p>\n<p>Aqu\u00ed teniu la informaci\u00f3 de tots els cursos:<\/p>\n<p><a href=\"https:\/\/drive.google.com\/file\/d\/11QHJnfgZ06am77dCb_oZH_017iVpAjn1\/view?usp=sharing\">Informaci\u00f3 de la comunitat de petits. Alumnes de P3<\/a><\/p>\n<p><a href=\"https:\/\/drive.google.com\/file\/d\/1-YGoMqjDzE-6OZWmHhuPQYBeluJY1mDP\/view?usp=sharing\">Informaci\u00f3 de la comunitat de petits. Alumnes de P4<\/a><\/p>\n<p><a href=\"https:\/\/drive.google.com\/file\/d\/1_epDg7q65FK3Qgg4WKNALB8oEJII6gy8\/view?usp=sharing\">Informaci\u00f3 de la comunitat de petits. Alumnes de P5<\/a><\/p>\n<p>I<a href=\"https:\/\/drive.google.com\/file\/d\/1xdMUvifEgtJi0kOMIHAQyX50vR7ck7gd\/view?usp=sharing\">nformaci\u00f3 de la comunitat de mitjans. Alumnes de 1r<\/a><\/p>\n<p><a href=\"https:\/\/drive.google.com\/file\/d\/1mPRoZD5BSCAxbenxUpQgJ-a-qsCLUQZk\/view?usp=sharing\">Informaci\u00f3 de la comunitat de mitjans. Alumnes de 2n<\/a><\/p>\n<p><a href=\"https:\/\/drive.google.com\/file\/d\/1mfyiro5-U2vj4_xdXwz3Ey3rnTsTOi8E\/view?usp=sharing\">Informaci\u00f3 de la comunitat de mitjans. Alumnes de 3r<\/a><\/p>\n<p><a href=\"https:\/\/drive.google.com\/file\/d\/1BuEafiM_1BBlPIFGrUnsL9Omj7WQJlty\/view?usp=sharing\">Informaci\u00f3 de la comunitat de grans. Alumnes de 4t<\/a><\/p>\n<p><a href=\"https:\/\/drive.google.com\/file\/d\/1bTGUBDoelcUA07DlZBQSQSTA7X2HPQqz\/view?usp=sharing\">Informaci\u00f3 de la comunitat de grans. Alumnes de 5\u00e8<\/a><\/p>\n<p><a href=\"https:\/\/drive.google.com\/file\/d\/1rnzIMEjhmxNDM2eYKoYRnrsRWcBgzOvV\/view?usp=sharing\">Informaci\u00f3 de la comunitat de grans. Alumnes de 6\u00e8<\/a><\/p>\n<p><a href=\"https:\/\/drive.google.com\/file\/d\/1iaM4zSCM_rXnz91zll9Bc5Z1JmpY4AKD\/view?usp=sharing\">Mesures extraordin\u00e0ries de \/Salut per evitar els brots de la COVID-19 a les escoles (Informaci\u00f3 per les fam\u00edlies)<\/a><\/p>\n<p>El primer dia d&#8217;escola cal portar la declaraci\u00f3 responsable signada. us la podeu descarregar aqu\u00ed:<\/p>\n<p><a href=\"https:\/\/drive.google.com\/file\/d\/17tjxTaoqUP87VINk3Mf5Dht_HfPkaywv\/view?usp=sharing\">Declaraci\u00f3 responsable per a les fam\u00edlies d\u2019alumnes d\u2019educaci\u00f3 infantil<\/a><\/p>\n<p><a href=\"https:\/\/drive.google.com\/file\/d\/1FDvUyGRNp4pKvu2S44QkTQz5nNyQQDxv\/view?usp=sharing\">Declaraci\u00f3 responsable per a les fam\u00edlies d\u2019alumnes d\u2019educaci\u00f3 prim\u00e0ria<\/a><\/p>\n","protected":false},"excerpt":{"rendered":"<p>\u201cCada infant \u00e9s un Newton, un Einsten, perqu\u00e8 \u00e9s capa\u00e7 de crear les seves pr\u00f2pies hist\u00f2ries, el seu laboratori i dur a terme els seus descobriments, els seus propis aprenentatges. Per\u00f2<a href=\"https:\/\/agora.xtec.cat\/escolalavilapalamos\/wp-content\/uploads\/usu897\/2020\/09\/45545b6ff157d384a494a2be8a024a00.jpg\"><\/a> una condici\u00f3 indispensable \u00e9s el temps, el respecte que cada infant necessita per&hellip;  <a href=\"https:\/\/agora.xtec.cat\/escolalavilapalamos\/infantil\/informacio-dinici-de-curs-2020-21\/\" title=\"Read Informaci\u00f3 d&#8217;inici de curs 2020-21\">Llegeix m\u00e9s\u00bb<\/a><\/p>\n","protected":false},"author":1,"featured_media":7939,"comment_status":"open","ping_status":"closed","sticky":false,"template":"","format":"standard","meta":{"_bbp_topic_count":0,"_bbp_reply_count":0,"_bbp_total_topic_count":0,"_bbp_total_reply_count":0,"_bbp_voice_count":0,"_bbp_anonymous_reply_count":0,"_bbp_topic_count_hidden":0,"_bbp_reply_count_hidden":0,"_bbp_forum_subforum_count":0,"footnotes":""},"categories":[128,127,2,4],"tags":[],"class_list":["post-7988","post","type-post","status-publish","format-standard","has-post-thumbnail","hentry","category-comunitat-de-grans","category-comunitat-de-mitjans","category-infantil","category-portada"],"post_mailing_queue_ids":[],"_links":{"self":[{"href":"https:\/\/agora.xtec.cat\/escolalavilapalamos\/wp-json\/wp\/v2\/posts\/7988","targetHints":{"allow":["GET"]}}],"collection":[{"href":"https:\/\/agora.xtec.cat\/escolalavilapalamos\/wp-json\/wp\/v2\/posts"}],"about":[{"href":"https:\/\/agora.xtec.cat\/escolalavilapalamos\/wp-json\/wp\/v2\/types\/post"}],"author":[{"embeddable":true,"href":"https:\/\/agora.xtec.cat\/escolalavilapalamos\/wp-json\/wp\/v2\/users\/1"}],"replies":[{"embeddable":true,"href":"https:\/\/agora.xtec.cat\/escolalavilapalamos\/wp-json\/wp\/v2\/comments?post=7988"}],"version-history":[{"count":1,"href":"https:\/\/agora.xtec.cat\/escolalavilapalamos\/wp-json\/wp\/v2\/posts\/7988\/revisions"}],"predecessor-version":[{"id":7989,"href":"https:\/\/agora.xtec.cat\/escolalavilapalamos\/wp-json\/wp\/v2\/posts\/7988\/revisions\/7989"}],"wp:featuredmedia":[{"embeddable":true,"href":"https:\/\/agora.xtec.cat\/escolalavilapalamos\/wp-json\/wp\/v2\/media\/7939"}],"wp:attachment":[{"href":"https:\/\/agora.xtec.cat\/escolalavilapalamos\/wp-json\/wp\/v2\/media?parent=7988"}],"wp:term":[{"taxonomy":"category","embeddable":true,"href":"https:\/\/agora.xtec.cat\/escolalavilapalamos\/wp-json\/wp\/v2\/categories?post=7988"},{"taxonomy":"post_tag","embeddable":true,"href":"https:\/\/agora.xtec.cat\/escolalavilapalamos\/wp-json\/wp\/v2\/tags?post=7988"}],"curies":[{"name":"wp","href":"https:\/\/api.w.org\/{rel}","templated":true}]}}