{"id":7977,"date":"2020-09-25T08:08:02","date_gmt":"2020-09-25T06:08:02","guid":{"rendered":"http:\/\/agora.xtec.cat\/escolalavilapalamos\/?p=7977"},"modified":"2020-09-25T13:10:21","modified_gmt":"2020-09-25T11:10:21","slug":"tancament-del-transit-dels-carrers-de-lescola","status":"publish","type":"post","link":"https:\/\/agora.xtec.cat\/escolalavilapalamos\/general\/tancament-del-transit-dels-carrers-de-lescola\/","title":{"rendered":"Tancament del tr\u00e0nsit dels carrers de l&#8217;escola"},"content":{"rendered":"<p><a href=\"https:\/\/agora.xtec.cat\/escolalavilapalamos\/wp-content\/uploads\/usu897\/2020\/09\/auto-animado-png-2.png\"><img loading=\"lazy\" decoding=\"async\" class=\" wp-image-7980 alignright\" src=\"https:\/\/agora.xtec.cat\/escolalavilapalamos\/wp-content\/uploads\/usu897\/2020\/09\/auto-animado-png-2.png\" alt=\"\" width=\"296\" height=\"275\" srcset=\"https:\/\/agora.xtec.cat\/escolalavilapalamos\/wp-content\/uploads\/usu897\/2020\/09\/auto-animado-png-2.png 505w, https:\/\/agora.xtec.cat\/escolalavilapalamos\/wp-content\/uploads\/usu897\/2020\/09\/auto-animado-png-2-300x279.png 300w\" sizes=\"auto, (max-width: 296px) 100vw, 296px\" \/><\/a>A partir del proper\u00a0<strong>dilluns 28 de setembre es tancar\u00e0 el tr\u00e0nsit del carrer Foment i el del carrer Prosperitat<\/strong>\u00a0a l\u2019al\u00e7ada del carrer Muntaner a les hores d\u2019entrada i sortida a l\u2019escola. L\u2019horari de tancament ser\u00e0 de dilluns a divendres a les 8:15 h, 11:45h, 14:15h\u00a0 i 15:45h.\u00a0 El tancament tindr\u00e0 una durada de 30 minuts.<\/p>\n<p>Despr\u00e9s de dues setmanes d\u2019inici de curs hem detectat que hi ha molta acumulaci\u00f3 de persones en alguns entrades\/sortides de l\u2019escola. Per aquest motiu i per poder ocupar la via p\u00fablica a les hores de m\u00e9s circulaci\u00f3 de fam\u00edlies es restringeix el tr\u00e0nsit en aquests carrers.<\/p>\n<p>Escola La Vila<\/p>\n<p>Ajuntament de Palam\u00f3s<\/p>\n","protected":false},"excerpt":{"rendered":"<p><a href=\"https:\/\/agora.xtec.cat\/escolalavilapalamos\/wp-content\/uploads\/usu897\/2020\/09\/auto-animado-png-2.png\"><\/a>A partir del proper\u00a0dilluns 28 de setembre es tancar\u00e0 el tr\u00e0nsit del carrer Foment i el del carrer Prosperitat\u00a0a l\u2019al\u00e7ada del carrer Muntaner a les hores d\u2019entrada i sortida a l\u2019escola. L\u2019horari de tancament ser\u00e0 de dilluns a divendres a les 8:15 h, 11:45h,&hellip;  <a href=\"https:\/\/agora.xtec.cat\/escolalavilapalamos\/general\/tancament-del-transit-dels-carrers-de-lescola\/\" title=\"Read Tancament del tr\u00e0nsit dels carrers de l&#8217;escola\">Llegeix m\u00e9s\u00bb<\/a><\/p>\n","protected":false},"author":1,"featured_media":7980,"comment_status":"open","ping_status":"closed","sticky":false,"template":"","format":"standard","meta":{"_bbp_topic_count":0,"_bbp_reply_count":0,"_bbp_total_topic_count":0,"_bbp_total_reply_count":0,"_bbp_voice_count":0,"_bbp_anonymous_reply_count":0,"_bbp_topic_count_hidden":0,"_bbp_reply_count_hidden":0,"_bbp_forum_subforum_count":0,"footnotes":""},"categories":[128,127,2,1,4],"tags":[],"class_list":["post-7977","post","type-post","status-publish","format-standard","has-post-thumbnail","hentry","category-comunitat-de-grans","category-comunitat-de-mitjans","category-infantil","category-general","category-portada"],"post_mailing_queue_ids":[],"_links":{"self":[{"href":"https:\/\/agora.xtec.cat\/escolalavilapalamos\/wp-json\/wp\/v2\/posts\/7977","targetHints":{"allow":["GET"]}}],"collection":[{"href":"https:\/\/agora.xtec.cat\/escolalavilapalamos\/wp-json\/wp\/v2\/posts"}],"about":[{"href":"https:\/\/agora.xtec.cat\/escolalavilapalamos\/wp-json\/wp\/v2\/types\/post"}],"author":[{"embeddable":true,"href":"https:\/\/agora.xtec.cat\/escolalavilapalamos\/wp-json\/wp\/v2\/users\/1"}],"replies":[{"embeddable":true,"href":"https:\/\/agora.xtec.cat\/escolalavilapalamos\/wp-json\/wp\/v2\/comments?post=7977"}],"version-history":[{"count":2,"href":"https:\/\/agora.xtec.cat\/escolalavilapalamos\/wp-json\/wp\/v2\/posts\/7977\/revisions"}],"predecessor-version":[{"id":7982,"href":"https:\/\/agora.xtec.cat\/escolalavilapalamos\/wp-json\/wp\/v2\/posts\/7977\/revisions\/7982"}],"wp:featuredmedia":[{"embeddable":true,"href":"https:\/\/agora.xtec.cat\/escolalavilapalamos\/wp-json\/wp\/v2\/media\/7980"}],"wp:attachment":[{"href":"https:\/\/agora.xtec.cat\/escolalavilapalamos\/wp-json\/wp\/v2\/media?parent=7977"}],"wp:term":[{"taxonomy":"category","embeddable":true,"href":"https:\/\/agora.xtec.cat\/escolalavilapalamos\/wp-json\/wp\/v2\/categories?post=7977"},{"taxonomy":"post_tag","embeddable":true,"href":"https:\/\/agora.xtec.cat\/escolalavilapalamos\/wp-json\/wp\/v2\/tags?post=7977"}],"curies":[{"name":"wp","href":"https:\/\/api.w.org\/{rel}","templated":true}]}}