{"id":7974,"date":"2020-09-25T10:04:26","date_gmt":"2020-09-25T08:04:26","guid":{"rendered":"http:\/\/agora.xtec.cat\/escolalavilapalamos\/?p=7974"},"modified":"2020-10-07T16:05:39","modified_gmt":"2020-10-07T14:05:39","slug":"els-alumnes-de-6e-fan-vela-2","status":"publish","type":"post","link":"https:\/\/agora.xtec.cat\/escolalavilapalamos\/general\/els-alumnes-de-6e-fan-vela-2\/","title":{"rendered":"Els alumnes de 6\u00e8 fan vela"},"content":{"rendered":"<p>A partir del proper 7, 8 i 9 d\u2019octubre es comen\u00e7ar\u00e0 <strong>l\u2019activitat de vela<\/strong> pels alumnes de 6\u00e8, com cada any.<\/p>\n<p>L\u2019activitat es portar\u00e0 a terme els dimecres\u00a0 a la tarda pels alumnes de <strong>6\u00e8B<\/strong>, de 14:30h a 16h, els dijous al mat\u00ed pels alumnes de <strong>6\u00e8A<\/strong>, de 9h a 10:30h i els divendres a la tarda \u00a0pels alumnes de <strong>6\u00e8C<\/strong>, de 14:30h a 16h.<\/p>\n<p>El curs consta <strong>d\u2019onze<\/strong> sessions per cadascun dels grups.<a href=\"https:\/\/goo.gl\/photos\/aCUZ5mXDd4LGX2K29\"><img loading=\"lazy\" decoding=\"async\" class=\"alignright\" src=\"https:\/\/lh3.googleusercontent.com\/aiJWzDCFFqOxakpxdQnzpCD7NKmQ_p5S05FwtVaErRyJKUOV4n_LFm1kxnnXiRkjwvJCUe8F_hAEVA96fTpP4U2dwLgLd5H48kS3MwFiPjI_S4SHyckYGv4yorxyjK40DkhhRiYqFWiOuohOt9ebKtNTiHsSxbsWieTuVlqzrSzYuB0kvvdwf6Sx-US8uby8_VY4kwJuUwSyriACoc_iq3K7-8pM-afzfB7g_94x-CsQKOQzDOxQs-DS1u7l5zH5pGb1voVWdyyGsUtiCaMZVZP2Q6TmO8iiE30dLdX3a3JgCgRCQ9FIsyHTbcEYTGshjKViDb0ZXKLTvDQen0jTW8vfoxq__yP61RmcYyc3m9nZmCP4ORu1Y8SXzDdDXxceNI7Y4gd_L-5wkAI6_pqxk1PWRG_4QcWkjRMxkTex5LeVhDJDDZOZLzfqCaZaiRKGH3hVxJAaK1Y_jXwGXaoyaIo6NANC6Ff05AJdQklndTUBInJbEbHVi15JSQEwZsWT3_rDntBeXkQXU24JhRWE85FVnmP1Dd9EIyGMyOEdgD9LQ2W9sMfcmRee5y_VMQ8jpQ-G8DvbJrdKa4LuSJMOAW19erFZkkWU7_ynAQ0a9i1k4fOM_YtNu90t22WxG_uTUl2TaiE4_YvzoO27SrJUKHir-2pni-8UGfrkmh7gcg=w1152-h648-no\" width=\"450\" height=\"253\" \/><\/a><\/p>\n<p>Els\/les alumnes hauran de dirigir-se directament al Club de vela on hi haur\u00e0 els monitors i el mestre d&#8217;educaci\u00f3 f\u00edsica de l&#8217;escola. A l&#8217;hora d&#8217;acabar l&#8217;activitat podran marxar sols cap a casa o els podeu recollir davant de la barrera\u00a0 del Club.<\/p>\n<p>Els\/les alumnes que es queden a menjador poden marxar acompanyats dels mestres a les 14:15h des de l&#8217;escola fins el lloc de l&#8217;activitat de vela.<\/p>\n<p><a href=\"https:\/\/drive.google.com\/file\/d\/1aYRkVibm4oRyw1O2ASLu4WItS_Ja0GOL\/view?usp=sharing\">Cal signar aquesta autoritzaci\u00f3<\/a> abans de <strong>divendres 2 d&#8217;octubre.<\/strong><\/p>\n<p>&nbsp;<\/p>\n","protected":false},"excerpt":{"rendered":"<p>A partir del proper 7, 8 i 9 d\u2019octubre es comen\u00e7ar\u00e0 l\u2019activitat de vela pels alumnes de 6\u00e8, com cada any.<br \/>\nL\u2019activitat es portar\u00e0 a terme els dimecres\u00a0 a la tarda pels alumnes de 6\u00e8B, de 14:30h a 16h, els dijous al mat\u00ed pels alumnes de&hellip;  <a href=\"https:\/\/agora.xtec.cat\/escolalavilapalamos\/general\/els-alumnes-de-6e-fan-vela-2\/\" title=\"Read Els alumnes de 6\u00e8 fan vela\">Llegeix m\u00e9s\u00bb<\/a><\/p>\n","protected":false},"author":1,"featured_media":6529,"comment_status":"open","ping_status":"closed","sticky":false,"template":"","format":"standard","meta":{"_bbp_topic_count":0,"_bbp_reply_count":0,"_bbp_total_topic_count":0,"_bbp_total_reply_count":0,"_bbp_voice_count":0,"_bbp_anonymous_reply_count":0,"_bbp_topic_count_hidden":0,"_bbp_reply_count_hidden":0,"_bbp_forum_subforum_count":0,"footnotes":""},"categories":[128,70,1,4],"tags":[],"class_list":["post-7974","post","type-post","status-publish","format-standard","has-post-thumbnail","hentry","category-comunitat-de-grans","category-efi","category-general","category-portada"],"post_mailing_queue_ids":[],"_links":{"self":[{"href":"https:\/\/agora.xtec.cat\/escolalavilapalamos\/wp-json\/wp\/v2\/posts\/7974","targetHints":{"allow":["GET"]}}],"collection":[{"href":"https:\/\/agora.xtec.cat\/escolalavilapalamos\/wp-json\/wp\/v2\/posts"}],"about":[{"href":"https:\/\/agora.xtec.cat\/escolalavilapalamos\/wp-json\/wp\/v2\/types\/post"}],"author":[{"embeddable":true,"href":"https:\/\/agora.xtec.cat\/escolalavilapalamos\/wp-json\/wp\/v2\/users\/1"}],"replies":[{"embeddable":true,"href":"https:\/\/agora.xtec.cat\/escolalavilapalamos\/wp-json\/wp\/v2\/comments?post=7974"}],"version-history":[{"count":2,"href":"https:\/\/agora.xtec.cat\/escolalavilapalamos\/wp-json\/wp\/v2\/posts\/7974\/revisions"}],"predecessor-version":[{"id":7976,"href":"https:\/\/agora.xtec.cat\/escolalavilapalamos\/wp-json\/wp\/v2\/posts\/7974\/revisions\/7976"}],"wp:featuredmedia":[{"embeddable":true,"href":"https:\/\/agora.xtec.cat\/escolalavilapalamos\/wp-json\/wp\/v2\/media\/6529"}],"wp:attachment":[{"href":"https:\/\/agora.xtec.cat\/escolalavilapalamos\/wp-json\/wp\/v2\/media?parent=7974"}],"wp:term":[{"taxonomy":"category","embeddable":true,"href":"https:\/\/agora.xtec.cat\/escolalavilapalamos\/wp-json\/wp\/v2\/categories?post=7974"},{"taxonomy":"post_tag","embeddable":true,"href":"https:\/\/agora.xtec.cat\/escolalavilapalamos\/wp-json\/wp\/v2\/tags?post=7974"}],"curies":[{"name":"wp","href":"https:\/\/api.w.org\/{rel}","templated":true}]}}