{"id":7960,"date":"2020-09-15T15:55:45","date_gmt":"2020-09-15T13:55:45","guid":{"rendered":"http:\/\/agora.xtec.cat\/escolalavilapalamos\/?p=7960"},"modified":"2020-10-09T14:50:13","modified_gmt":"2020-10-09T12:50:13","slug":"vacunes-als-nois-i-noies-de-6e","status":"publish","type":"post","link":"https:\/\/agora.xtec.cat\/escolalavilapalamos\/portada\/vacunes-als-nois-i-noies-de-6e\/","title":{"rendered":"Vacunes als nois i noies de 6\u00e8"},"content":{"rendered":"<p><a href=\"https:\/\/agora.xtec.cat\/escolalavilapalamos\/wp-content\/uploads\/usu897\/2016\/11\/vacunacio.gif\"><img loading=\"lazy\" decoding=\"async\" class=\"size-full wp-image-401 alignright\" src=\"https:\/\/agora.xtec.cat\/escolalavilapalamos\/wp-content\/uploads\/usu897\/2016\/11\/vacunacio.gif\" alt=\"\" width=\"308\" height=\"288\" \/><\/a>El proper <strong>dijous 24 de setembre a les 11 del mat\u00ed<\/strong> vindran del CAP de Palam\u00f3s a posar-nos les vacunes als nens i nenes de 6\u00e8. <strong>Els nois i noies han de portar el carnet de vacunes el dia de la vacunaci\u00f3.<\/strong><\/p>\n<p>El Departament de Salut administrar\u00e0 les vacunes seg\u00fcents:<\/p>\n<p>&#8211;<strong>La vacuna contra el papil\u00b7lomavirus (VPH)<\/strong>; s\u2019administra en \u00a0\u00a0\u00a0\u00a0 dues dosis i \u00fanicament a les noies.<\/p>\n<p>&#8211;<strong>La vacuna contra l\u2019hepatitis A (HA)<\/strong>; s\u2019administra en dues dosis.<\/p>\n<p>&#8211;<strong>La vacuna contra la varicel\u00b7la (V)<\/strong>; s\u2019administra en dues dosis als nois o noies que no hagin passat la malaltia ni hagin rebut la \u00a0\u00a0\u00a0 vacuna. En cas que el vostre fill o filla estigui vacunat amb una dosi se li\u2019n administrar\u00e0 la segona.<\/p>\n<p>&#8211;<strong>Vacuna antimeningoc\u00f2ccica conjugada tetravalent (vacuna MACWY)<\/strong>, en una \u00fanica dosi als nois i noies, independentment de les dosis administrades de la vacuna contra el meningococ C conjugada (vacuna MC).<\/p>\n<p>S&#8217;ha de portar a l&#8217;escola l&#8217;<a href=\"https:\/\/drive.google.com\/file\/d\/1ej4TvsVVkLByAprY9ikk1RVF683sCTsn\/view?usp=sharing\">autoritzaci\u00f3 per posar les vacunes<\/a>. Us la podeu descarregar, signar i portar a l&#8217;escola o enviar-la per mail al <a href=\"mailto:b7002569@xtec.cat\">b7002569@xtec.cat <\/a>Teniu temps de portar l&#8217;autoritzaci\u00f3 fins el proper dilluns 21 de setembre al mat\u00ed. Teniu tota la informaci\u00f3<a href=\"https:\/\/drive.google.com\/file\/d\/1O1VjIoqEXdsIpljs3nOYfQHDq1gWBfQa\/view?usp=sharing\"> aqu\u00ed<\/a><\/p>\n<p>Per a m\u00e9s informaci\u00f3 podeu consultar el\u00a0<a href=\"https:\/\/canalsalut.gencat.cat\/ca\/salut-a-z\/v\/vacunacions\/\">Canal Salut del Departament de Salut\u00a0<\/a>o trucar al tel\u00e8fon 061 del CatSalut Respon.<\/p>\n<p>Us agra\u00efm per endavant la vostra col\u00b7laboraci\u00f3.\u00a0<a href=\"https:\/\/drive.google.com\/file\/d\/12FhHYUpYhGgjS7pPLETVPljUni3uSxWa\/view?usp=sharing\">Informaci\u00f3 del Departament de Salut<\/a><\/p>\n","protected":false},"excerpt":{"rendered":"<p><a href=\"https:\/\/agora.xtec.cat\/escolalavilapalamos\/wp-content\/uploads\/usu897\/2016\/11\/vacunacio.gif\"><\/a>El proper dijous 24 de setembre a les 11 del mat\u00ed vindran del CAP de Palam\u00f3s a posar-nos les vacunes als nens i nenes de 6\u00e8. Els nois i noies han de portar el carnet de vacunes el dia de la vacunaci\u00f3.<br \/>\nEl Departament de&hellip;  <a href=\"https:\/\/agora.xtec.cat\/escolalavilapalamos\/portada\/vacunes-als-nois-i-noies-de-6e\/\" title=\"Read Vacunes als nois i noies de 6\u00e8\">Llegeix m\u00e9s\u00bb<\/a><\/p>\n","protected":false},"author":1,"featured_media":401,"comment_status":"open","ping_status":"closed","sticky":false,"template":"","format":"standard","meta":{"_bbp_topic_count":0,"_bbp_reply_count":0,"_bbp_total_topic_count":0,"_bbp_total_reply_count":0,"_bbp_voice_count":0,"_bbp_anonymous_reply_count":0,"_bbp_topic_count_hidden":0,"_bbp_reply_count_hidden":0,"_bbp_forum_subforum_count":0,"footnotes":""},"categories":[128,4,5],"tags":[],"class_list":["post-7960","post","type-post","status-publish","format-standard","has-post-thumbnail","hentry","category-comunitat-de-grans","category-portada","category-primaria"],"post_mailing_queue_ids":[],"_links":{"self":[{"href":"https:\/\/agora.xtec.cat\/escolalavilapalamos\/wp-json\/wp\/v2\/posts\/7960","targetHints":{"allow":["GET"]}}],"collection":[{"href":"https:\/\/agora.xtec.cat\/escolalavilapalamos\/wp-json\/wp\/v2\/posts"}],"about":[{"href":"https:\/\/agora.xtec.cat\/escolalavilapalamos\/wp-json\/wp\/v2\/types\/post"}],"author":[{"embeddable":true,"href":"https:\/\/agora.xtec.cat\/escolalavilapalamos\/wp-json\/wp\/v2\/users\/1"}],"replies":[{"embeddable":true,"href":"https:\/\/agora.xtec.cat\/escolalavilapalamos\/wp-json\/wp\/v2\/comments?post=7960"}],"version-history":[{"count":3,"href":"https:\/\/agora.xtec.cat\/escolalavilapalamos\/wp-json\/wp\/v2\/posts\/7960\/revisions"}],"predecessor-version":[{"id":7964,"href":"https:\/\/agora.xtec.cat\/escolalavilapalamos\/wp-json\/wp\/v2\/posts\/7960\/revisions\/7964"}],"wp:featuredmedia":[{"embeddable":true,"href":"https:\/\/agora.xtec.cat\/escolalavilapalamos\/wp-json\/wp\/v2\/media\/401"}],"wp:attachment":[{"href":"https:\/\/agora.xtec.cat\/escolalavilapalamos\/wp-json\/wp\/v2\/media?parent=7960"}],"wp:term":[{"taxonomy":"category","embeddable":true,"href":"https:\/\/agora.xtec.cat\/escolalavilapalamos\/wp-json\/wp\/v2\/categories?post=7960"},{"taxonomy":"post_tag","embeddable":true,"href":"https:\/\/agora.xtec.cat\/escolalavilapalamos\/wp-json\/wp\/v2\/tags?post=7960"}],"curies":[{"name":"wp","href":"https:\/\/api.w.org\/{rel}","templated":true}]}}