{"id":7954,"date":"2020-09-15T15:02:36","date_gmt":"2020-09-15T13:02:36","guid":{"rendered":"http:\/\/agora.xtec.cat\/escolalavilapalamos\/?p=7954"},"modified":"2020-09-23T11:37:55","modified_gmt":"2020-09-23T09:37:55","slug":"extraescolars-2020-21","status":"publish","type":"post","link":"https:\/\/agora.xtec.cat\/escolalavilapalamos\/general\/extraescolars-2020-21\/","title":{"rendered":"Extraescolars 2020-21"},"content":{"rendered":"<div dir=\"auto\"><span style=\"font-family: trebuchet ms, sans-serif; font-size: large;\"><img loading=\"lazy\" decoding=\"async\" class=\"size-large alignright\" src=\"https:\/\/afabisbatdegara.cat\/wp-content\/uploads\/2020\/04\/unnamed-1.png\" width=\"466\" height=\"225\" \/><\/span><\/div>\n<div dir=\"auto\">El proper 5 d&#8217;octubre comencen les activitats extraescolars. Tota la informaci\u00f3 de les extraescolars la teniu a <a href=\"https:\/\/sites.google.com\/view\/ampalavila\/inici\/extraescolars?authuser=0\">la web de l&#8217;ampa.<\/a><\/div>\n<div dir=\"auto\"><\/div>\n<div dir=\"auto\">\n<div dir=\"auto\">Ja disposeu de la graella de resultats de les inscripcions i del llistat d&#8217;alumnes admesos, en l&#8217;apartat d&#8217;extraescolars de la nostra p\u00e0gina web\u00a0<a href=\"http:\/\/www.ampalavila.cat\/\" target=\"_blank\" rel=\"noopener noreferrer\" data-saferedirecturl=\"https:\/\/www.google.com\/url?q=http:\/\/www.ampalavila.cat&amp;source=gmail&amp;ust=1600930563531000&amp;usg=AFQjCNFrRn92r63y6MhFnSVydjozq9Vg1A\">www.ampalavila.cat<\/a><\/div>\n<div dir=\"auto\">Tamb\u00e9 avui s&#8217;obre el termini de pagament que ser\u00e0 fins el 30 de setembre. SEMPRE AMB CODI DE BARRES i seguint les directrius que tamb\u00e9 estan penjades a la web. Reviseu les condicions per a poder fer el fraccionament.<\/div>\n<div dir=\"auto\"><\/div>\n<div dir=\"auto\">Tamb\u00e9 avui a les 21h i fins dijous a la mateixa hora, obrim inscripcions de nou, per aquells alumnes que han quedat fora d&#8217;alguna activitat, o que la activitat seleccionada no s&#8217;acabar\u00e0 realitzant.<\/div>\n<\/div>\n<div dir=\"auto\"><\/div>\n<div dir=\"auto\"><\/div>\n<div dir=\"auto\">Us passem el link per tal que podeu accedir al formulari d&#8217;inscripcions de les activitats extraescolars.<\/div>\n<div dir=\"auto\"><\/div>\n<div dir=\"auto\">ATENCI\u00d3!: El link nom\u00e9s ser\u00e0 operatiu a partir del dimarts 15 a les 21h.\u00a0 (qualsevol inscripci\u00f3 realitzada abans d\u2019aquesta hora no ser\u00e0 validada)<\/div>\n<div dir=\"auto\"><\/div>\n<div dir=\"auto\">\u00c9s molt important que accediu a la p\u00e0gina web\u00a0<a href=\"http:\/\/www.ampalavila.cat\/\" target=\"_blank\" rel=\"noopener noreferrer\" data-saferedirecturl=\"https:\/\/www.google.com\/url?q=http:\/\/www.ampalavila.cat\/&amp;source=gmail&amp;ust=1600182142620000&amp;usg=AFQjCNF0HVSfgODr-Zme7iD1x-1JagFOqg\">www.ampalavila.cat<\/a> i, dins l&#8217;apartat d&#8217;extraescolars, reviseu tota la informaci\u00f3 i normativa per les activitats d&#8217;aquest curs.<\/div>\n<div dir=\"auto\"><\/div>\n<div dir=\"auto\">Cliqueu <a href=\"https:\/\/docs.google.com\/forms\/d\/e\/1FAIpQLSfn5wmCN97-blvnihyf1xnMyIVYssPQSNRf-jqk6MEGcaBk4w\/viewform?usp=pp_url\">aqu\u00ed per accedir al formulari<\/a><\/div>\n<div dir=\"auto\"><\/div>\n<div dir=\"auto\"><\/div>\n<div>AMPA Escola La Vila Palam\u00f3s<\/div>\n","protected":false},"excerpt":{"rendered":"<p>El proper 5 d&#8217;octubre comencen les activitats extraescolars. Tota la informaci\u00f3 de les extraescolars la teniu a <a href=\"https:\/\/sites.google.com\/view\/ampalavila\/inici\/extraescolars?authuser=0\">la web de l&#8217;ampa.<\/a><\/p>\n<p>Ja disposeu de la graella de resultats de les inscripcions i del llistat d&#8217;alumnes admesos, en l&#8217;apartat d&#8217;extraescolars de la nostra p\u00e0gina web\u00a0<a href=\"http:\/\/www.ampalavila.cat\/\"&hellip;  <a href=\"https:\/\/agora.xtec.cat\/escolalavilapalamos\/general\/extraescolars-2020-21\/\" title=\"Read Extraescolars 2020-21\">Llegeix m\u00e9s\u00bb<\/a><\/p>\n","protected":false},"author":1,"featured_media":1870,"comment_status":"open","ping_status":"closed","sticky":false,"template":"","format":"standard","meta":{"_bbp_topic_count":0,"_bbp_reply_count":0,"_bbp_total_topic_count":0,"_bbp_total_reply_count":0,"_bbp_voice_count":0,"_bbp_anonymous_reply_count":0,"_bbp_topic_count_hidden":0,"_bbp_reply_count_hidden":0,"_bbp_forum_subforum_count":0,"footnotes":""},"categories":[7,128,127,2,1,4,5],"tags":[],"class_list":["post-7954","post","type-post","status-publish","format-standard","has-post-thumbnail","hentry","category-ampa","category-comunitat-de-grans","category-comunitat-de-mitjans","category-infantil","category-general","category-portada","category-primaria"],"post_mailing_queue_ids":[],"_links":{"self":[{"href":"https:\/\/agora.xtec.cat\/escolalavilapalamos\/wp-json\/wp\/v2\/posts\/7954","targetHints":{"allow":["GET"]}}],"collection":[{"href":"https:\/\/agora.xtec.cat\/escolalavilapalamos\/wp-json\/wp\/v2\/posts"}],"about":[{"href":"https:\/\/agora.xtec.cat\/escolalavilapalamos\/wp-json\/wp\/v2\/types\/post"}],"author":[{"embeddable":true,"href":"https:\/\/agora.xtec.cat\/escolalavilapalamos\/wp-json\/wp\/v2\/users\/1"}],"replies":[{"embeddable":true,"href":"https:\/\/agora.xtec.cat\/escolalavilapalamos\/wp-json\/wp\/v2\/comments?post=7954"}],"version-history":[{"count":4,"href":"https:\/\/agora.xtec.cat\/escolalavilapalamos\/wp-json\/wp\/v2\/posts\/7954\/revisions"}],"predecessor-version":[{"id":7973,"href":"https:\/\/agora.xtec.cat\/escolalavilapalamos\/wp-json\/wp\/v2\/posts\/7954\/revisions\/7973"}],"wp:featuredmedia":[{"embeddable":true,"href":"https:\/\/agora.xtec.cat\/escolalavilapalamos\/wp-json\/wp\/v2\/media\/1870"}],"wp:attachment":[{"href":"https:\/\/agora.xtec.cat\/escolalavilapalamos\/wp-json\/wp\/v2\/media?parent=7954"}],"wp:term":[{"taxonomy":"category","embeddable":true,"href":"https:\/\/agora.xtec.cat\/escolalavilapalamos\/wp-json\/wp\/v2\/categories?post=7954"},{"taxonomy":"post_tag","embeddable":true,"href":"https:\/\/agora.xtec.cat\/escolalavilapalamos\/wp-json\/wp\/v2\/tags?post=7954"}],"curies":[{"name":"wp","href":"https:\/\/api.w.org\/{rel}","templated":true}]}}