{"id":7936,"date":"2020-09-09T22:00:11","date_gmt":"2020-09-09T20:00:11","guid":{"rendered":"http:\/\/agora.xtec.cat\/escolalavilapalamos\/?p=7936"},"modified":"2020-09-09T22:12:22","modified_gmt":"2020-09-09T20:12:22","slug":"informacio-del-curs-escolar-2020-21","status":"publish","type":"post","link":"https:\/\/agora.xtec.cat\/escolalavilapalamos\/general\/informacio-del-curs-escolar-2020-21\/","title":{"rendered":"Informaci\u00f3 del curs escolar 2020-21"},"content":{"rendered":"<header><\/header>\n<header><\/header>\n<header class=\"entry-header\"><\/header>\n<header><\/header>\n<p>El proper curs les classes s\u2019iniciaran\u00a0el dilluns\u00a014 de setembre\u00a0\u00a0en horari de mat\u00ed i tarda per Educaci\u00f3 Infantil i Prim\u00e0ria.<\/p>\n<p>Els\/les alumnes de P3 del 14 al 21 de setembre faran horari d\u2019adaptaci\u00f3 nom\u00e9s als matins.\u00a0Llegiu la informaci\u00f3 adjunta.<\/p>\n<p>Amb la present tamb\u00e9 us volem convidar a participar en la din\u00e0mica del centre. Un centre acollidor on cadascun dels seus sectors educatius intenta ser un element viu i actiu de la formaci\u00f3 dels vostres fills i filles.<\/p>\n<p>Informaci\u00f3 important de l\u2019inici de curs\u00a0<a href=\"https:\/\/drive.google.com\/file\/d\/1L8nqaNiys9Dl1P-o9yXyYKtqul2vB85G\/view?usp=sharing\">aqu\u00ed<\/a>. Nou horari a l\u2019escola: 8:30\ud83d\udd63\u00a0a 12:00\ud83d\udd5b\u00a0i de 14:30\ud83d\udd5da 16:00\ud83d\udd53.<\/p>\n<p><strong>Canvis en les reunions de pares i mares<\/strong>\u00a0Els darrers dies ens estan arribant noves instruccions per l\u2019organitzaci\u00f3 de l\u2019escola en el marc de la pand\u00e8mia del COVID19. Per aquest motiu; ens veiem obligats a posposar les reunions de mares i pares que s\u2019havien de fer les tardes d\u2019aquesta setmana. No volem donar informacions en fals que potser canvien l\u2019endem\u00e0. Per aquest motiu a finals de setmana penjarem les reunions de mares i pares en format v\u00eddeo on explicarem les novetats del curs 20-21 i on els tutors\/es de cada curs es presentaran i explicaran les novetats de cada aula. Hi haur\u00e0 un correu per respondre els dubtes. A partir de la propera setmana, qui ho sol\u00b7liciti, es faran entrevistes amb pares i mares per v\u00eddeo confer\u00e8ncia amb cita pr\u00e8via. Disculpeu les mol\u00e8sties<\/p>\n<header><\/header>\n<div class=\"entry-content\">\n<p>Tamb\u00e9 hi haur\u00e0\u00a0<strong>reuni\u00f3 telem\u00e0tica de menjador escolar pels usuaris del servei a finals de setembre.<br \/>\n<\/strong><\/p>\n<p>La informaci\u00f3 de l\u2019AMPA sobre xandalls, bates, acollida matinal i extraescolars la podreu consultar a la\u00a0<a href=\"https:\/\/sites.google.com\/view\/ampalavila\">web de l\u2019AMPA<\/a>.<i><br \/>\n<\/i><\/p>\n<p><strong>Tota la informaci\u00f3 del proper curs escolar 2020-21 la teniu en els seg\u00fcents enlla\u00e7os:<\/strong><\/p>\n<p><a href=\"https:\/\/drive.google.com\/file\/d\/1wbRCZOAJr9ke9V57OkT6J220FsoKvC9W\/view?usp=sharing\">Carta de benvinguda al nou curs 2020-21<\/a><\/p>\n<p><a href=\"https:\/\/drive.google.com\/file\/d\/1DFxqhjgVE5kmqCOkGPDykHcw_nnBcgm4\/view?usp=sharing\">Quotes d\u2019inici de curs Escola La Vila 2020-21<\/a><\/p>\n<p><a href=\"https:\/\/drive.google.com\/file\/d\/1jUhsBGxIoSeQlcPeDH94RjIveIG3rT-x\/view?usp=sharing\">Quotes d\u2019inici de curs Escola La Vila 2020-21. Alumnes nous<\/a><\/p>\n<p><a href=\"https:\/\/drive.google.com\/file\/d\/1DVTjMQNyrTeD62thFmt0xDPEWcTvke-h\/view?usp=sharing\">Quotes AMPA i material escolar 2020-21<\/a><\/p>\n<p><a href=\"https:\/\/drive.google.com\/file\/d\/1qrEUVDOZwN_n5ESVtsmk8ZdPy4fb5pfw\/view?usp=sharing\">Material did\u00e0ctic.<\/a>\u00a0Llistat del material escolar curs 2020-21:\u00a0<a href=\"https:\/\/drive.google.com\/file\/d\/1mOsdZ9mEdJ2EenT_luCMDE7cwj58sz7d\/view?usp=sharing\">Comunitat de Petits<\/a>,\u00a0<a href=\"https:\/\/drive.google.com\/file\/d\/1ScEBE2FMKfr9mRrQA2LpTQghwlLlGzdT\/view?usp=sharing\">comunitat de mitjans<\/a>\u00a0i\u00a0<a href=\"https:\/\/drive.google.com\/file\/d\/1-IzFU9pmjplt_kpPtGpqZF3ovxZMVdYV\/view?usp=sharing\">comunitat de grans<\/a>\u00a0\u00a0<strong>(No s\u2019ha de comprar, se\u2019l troben a l\u2019aula el primer dia d\u2019escola)<\/strong><\/p>\n<p><strong>Fam\u00edlies de P3<\/strong>. Informaci\u00f3 per les fam\u00edlies de P3 (agost 2020).\u00a0\u00a0<a href=\"https:\/\/drive.google.com\/file\/d\/1T5yAib6lGGF1ky9C0gO4Z7CoRqLgVj9-\/view?usp=sharing\">Adaptaci\u00f3 dels alumnes de P3<\/a>\u00a0(l\u2019horari de l\u2019adaptaci\u00f3 del vostre fill\/a us arribar\u00e0 per email)<\/p>\n<p>Tamb\u00e9 podeu demanar informaci\u00f3 de tot all\u00f2 que no us quedi clar a trav\u00e9s del correu electr\u00f2nic\u00a0<a href=\"mailto:b7002560@xtec.cat\">b7002569@xtec.cat<\/a>.<\/p>\n<\/div>\n<p>&nbsp;<\/p>\n<p>&nbsp;<\/p>\n","protected":false},"excerpt":{"rendered":"<p>El proper curs les classes s\u2019iniciaran\u00a0el dilluns\u00a014 de setembre\u00a0\u00a0en horari de mat\u00ed i tarda per Educaci\u00f3 Infantil i Prim\u00e0ria.<br \/>\nEls\/les alumnes de P3 del 14 al 21 de setembre faran horari d\u2019adaptaci\u00f3 nom\u00e9s als matins.\u00a0Llegiu la informaci\u00f3 adjunta.<br \/>\nAmb la present tamb\u00e9 us volem convidar a participar&hellip;  <a href=\"https:\/\/agora.xtec.cat\/escolalavilapalamos\/general\/informacio-del-curs-escolar-2020-21\/\" title=\"Read Informaci\u00f3 del curs escolar 2020-21\">Llegeix m\u00e9s\u00bb<\/a><\/p>\n","protected":false},"author":1,"featured_media":7921,"comment_status":"open","ping_status":"closed","sticky":false,"template":"","format":"standard","meta":{"_bbp_topic_count":0,"_bbp_reply_count":0,"_bbp_total_topic_count":0,"_bbp_total_reply_count":0,"_bbp_voice_count":0,"_bbp_anonymous_reply_count":0,"_bbp_topic_count_hidden":0,"_bbp_reply_count_hidden":0,"_bbp_forum_subforum_count":0,"footnotes":""},"categories":[2,1,4,5],"tags":[],"class_list":["post-7936","post","type-post","status-publish","format-standard","has-post-thumbnail","hentry","category-infantil","category-general","category-portada","category-primaria"],"post_mailing_queue_ids":[],"_links":{"self":[{"href":"https:\/\/agora.xtec.cat\/escolalavilapalamos\/wp-json\/wp\/v2\/posts\/7936","targetHints":{"allow":["GET"]}}],"collection":[{"href":"https:\/\/agora.xtec.cat\/escolalavilapalamos\/wp-json\/wp\/v2\/posts"}],"about":[{"href":"https:\/\/agora.xtec.cat\/escolalavilapalamos\/wp-json\/wp\/v2\/types\/post"}],"author":[{"embeddable":true,"href":"https:\/\/agora.xtec.cat\/escolalavilapalamos\/wp-json\/wp\/v2\/users\/1"}],"replies":[{"embeddable":true,"href":"https:\/\/agora.xtec.cat\/escolalavilapalamos\/wp-json\/wp\/v2\/comments?post=7936"}],"version-history":[{"count":1,"href":"https:\/\/agora.xtec.cat\/escolalavilapalamos\/wp-json\/wp\/v2\/posts\/7936\/revisions"}],"predecessor-version":[{"id":7937,"href":"https:\/\/agora.xtec.cat\/escolalavilapalamos\/wp-json\/wp\/v2\/posts\/7936\/revisions\/7937"}],"wp:featuredmedia":[{"embeddable":true,"href":"https:\/\/agora.xtec.cat\/escolalavilapalamos\/wp-json\/wp\/v2\/media\/7921"}],"wp:attachment":[{"href":"https:\/\/agora.xtec.cat\/escolalavilapalamos\/wp-json\/wp\/v2\/media?parent=7936"}],"wp:term":[{"taxonomy":"category","embeddable":true,"href":"https:\/\/agora.xtec.cat\/escolalavilapalamos\/wp-json\/wp\/v2\/categories?post=7936"},{"taxonomy":"post_tag","embeddable":true,"href":"https:\/\/agora.xtec.cat\/escolalavilapalamos\/wp-json\/wp\/v2\/tags?post=7936"}],"curies":[{"name":"wp","href":"https:\/\/api.w.org\/{rel}","templated":true}]}}