{"id":7906,"date":"2020-07-14T13:48:43","date_gmt":"2020-07-14T11:48:43","guid":{"rendered":"http:\/\/agora.xtec.cat\/escolalavilapalamos\/?p=7906"},"modified":"2020-07-15T11:45:50","modified_gmt":"2020-07-15T09:45:50","slug":"premi-espiral-baldufa-de-plata","status":"publish","type":"post","link":"https:\/\/agora.xtec.cat\/escolalavilapalamos\/general\/premi-espiral-baldufa-de-plata\/","title":{"rendered":"Premi Espiral: &#8220;Baldufa de plata&#8221;"},"content":{"rendered":"<p><a href=\"https:\/\/agora.xtec.cat\/escolalavilapalamos\/wp-content\/uploads\/usu897\/2020\/07\/Captura-de-Pantalla-2020-07-14-a-les-11.42.40.png\"><img loading=\"lazy\" decoding=\"async\" class=\"wp-image-7907 alignleft\" src=\"https:\/\/agora.xtec.cat\/escolalavilapalamos\/wp-content\/uploads\/usu897\/2020\/07\/Captura-de-Pantalla-2020-07-14-a-les-11.42.40.png\" alt=\"\" width=\"457\" height=\"279\" srcset=\"https:\/\/agora.xtec.cat\/escolalavilapalamos\/wp-content\/uploads\/usu897\/2020\/07\/Captura-de-Pantalla-2020-07-14-a-les-11.42.40.png 674w, https:\/\/agora.xtec.cat\/escolalavilapalamos\/wp-content\/uploads\/usu897\/2020\/07\/Captura-de-Pantalla-2020-07-14-a-les-11.42.40-300x183.png 300w\" sizes=\"auto, (max-width: 457px) 100vw, 457px\" \/><\/a>El passat diumenge 28 de juny es va celebrar de manera virtual la <a href=\"https:\/\/youtu.be\/2Zt8TsgFFnA\">cerim\u00f2nia\u00a0 d&#8217;entrega dels XIV premis &#8220;Espiral&#8221;<\/a> i el projecte que s&#8217;ha realitzat aquest curs a la comunitat de grans, <strong>Dissenyem cooperativament una ruta virtual per l&#8217;escola<\/strong>, que era finalista, va rebre el segon premi: la baldufa de plata en la categoria &#8220;Tend\u00e8ncia en perspectiva&#8221;.<\/p>\n<p>El &#8220;<a href=\"http:\/\/premioespiral.org\/ca\">premi espiral<\/a>&#8221; \u00e9s un concurs nacional que l&#8217;organitza l&#8217;associaci\u00f3 &#8220;<a href=\"https:\/\/ciberespiral.org\/es\/\">Espiral, educaci\u00f3 i tecnologia<\/a>&#8221; i que des de fa uns anys, valora projectes educatius innovadors que utilitzen les eines digitals per crear continguts curriculars i que afavoreixen entre altres aspectes, la inclusi\u00f3 educativa, aix\u00ed com la motivaci\u00f3 de l&#8217;alumnat.<\/p>\n<p><strong>Dissenyem cooperativament una ruta virtual per l&#8217;escola<\/strong> \u00e9s un espai d&#8217;aprenentatge en el qual l&#8217;alumnat s&#8217;ha familiaritzat amb les tecnologies immersives (realitat virtual i realitat augmentada) i ha pogut participar en el disseny d&#8217;una ruta virtual pels diferents espais de l&#8217;escola La Vila.<\/p>\n<p>Estem molt contents pel premi! Si voleu accedir al projecte de l&#8217;escola presentat feu clic <a href=\"http:\/\/premioespiral.org\/recurso\/dissenyem-cooperativament-una-ruta-virtual-per\/984989dc-add1-e9ac-9917-f80eb4add518\">aqu\u00ed\u00a0<\/a>\u00a0i <span style=\"font-family: inherit; font-size: 1em;\">si voleu veure la resta de projectes premiats en les diferents categories podeu clicar<\/span> aquest<a style=\"font-family: inherit; font-size: 1em;\" href=\"http:\/\/premioespiral.org\/recurso\/ganadores-xiv-premio-espiral-2020\/bf17459d-f405-8614-c7b5-e932c4e818a6\"> enlla\u00e7.<\/a><\/p>\n<p>&nbsp;<\/p>\n","protected":false},"excerpt":{"rendered":"<p><a href=\"https:\/\/agora.xtec.cat\/escolalavilapalamos\/wp-content\/uploads\/usu897\/2020\/07\/Captura-de-Pantalla-2020-07-14-a-les-11.42.40.png\"><\/a>El passat diumenge 28 de juny es va celebrar de manera virtual la <a href=\"https:\/\/youtu.be\/2Zt8TsgFFnA\">cerim\u00f2nia\u00a0 d&#8217;entrega dels XIV premis &#8220;Espiral&#8221;<\/a> i el projecte que s&#8217;ha realitzat aquest curs a la comunitat de grans, Dissenyem cooperativament una ruta virtual per l&#8217;escola, que era finalista, va&hellip;  <a href=\"https:\/\/agora.xtec.cat\/escolalavilapalamos\/general\/premi-espiral-baldufa-de-plata\/\" title=\"Read Premi Espiral: &#8220;Baldufa de plata&#8221;\">Llegeix m\u00e9s\u00bb<\/a><\/p>\n","protected":false},"author":132,"featured_media":7907,"comment_status":"open","ping_status":"closed","sticky":false,"template":"","format":"standard","meta":{"_bbp_topic_count":0,"_bbp_reply_count":0,"_bbp_total_topic_count":0,"_bbp_total_reply_count":0,"_bbp_voice_count":0,"_bbp_anonymous_reply_count":0,"_bbp_topic_count_hidden":0,"_bbp_reply_count_hidden":0,"_bbp_forum_subforum_count":0,"footnotes":""},"categories":[1,4,5],"tags":[],"class_list":["post-7906","post","type-post","status-publish","format-standard","has-post-thumbnail","hentry","category-general","category-portada","category-primaria"],"post_mailing_queue_ids":[],"_links":{"self":[{"href":"https:\/\/agora.xtec.cat\/escolalavilapalamos\/wp-json\/wp\/v2\/posts\/7906","targetHints":{"allow":["GET"]}}],"collection":[{"href":"https:\/\/agora.xtec.cat\/escolalavilapalamos\/wp-json\/wp\/v2\/posts"}],"about":[{"href":"https:\/\/agora.xtec.cat\/escolalavilapalamos\/wp-json\/wp\/v2\/types\/post"}],"author":[{"embeddable":true,"href":"https:\/\/agora.xtec.cat\/escolalavilapalamos\/wp-json\/wp\/v2\/users\/132"}],"replies":[{"embeddable":true,"href":"https:\/\/agora.xtec.cat\/escolalavilapalamos\/wp-json\/wp\/v2\/comments?post=7906"}],"version-history":[{"count":3,"href":"https:\/\/agora.xtec.cat\/escolalavilapalamos\/wp-json\/wp\/v2\/posts\/7906\/revisions"}],"predecessor-version":[{"id":7913,"href":"https:\/\/agora.xtec.cat\/escolalavilapalamos\/wp-json\/wp\/v2\/posts\/7906\/revisions\/7913"}],"wp:featuredmedia":[{"embeddable":true,"href":"https:\/\/agora.xtec.cat\/escolalavilapalamos\/wp-json\/wp\/v2\/media\/7907"}],"wp:attachment":[{"href":"https:\/\/agora.xtec.cat\/escolalavilapalamos\/wp-json\/wp\/v2\/media?parent=7906"}],"wp:term":[{"taxonomy":"category","embeddable":true,"href":"https:\/\/agora.xtec.cat\/escolalavilapalamos\/wp-json\/wp\/v2\/categories?post=7906"},{"taxonomy":"post_tag","embeddable":true,"href":"https:\/\/agora.xtec.cat\/escolalavilapalamos\/wp-json\/wp\/v2\/tags?post=7906"}],"curies":[{"name":"wp","href":"https:\/\/api.w.org\/{rel}","templated":true}]}}