{"id":7904,"date":"2020-06-30T12:14:46","date_gmt":"2020-06-30T10:14:46","guid":{"rendered":"http:\/\/agora.xtec.cat\/escolalavilapalamos\/?p=7904"},"modified":"2020-07-14T13:43:14","modified_gmt":"2020-07-14T11:43:14","slug":"sollicituds-menjador-escolar-curs-2020-2021","status":"publish","type":"post","link":"https:\/\/agora.xtec.cat\/escolalavilapalamos\/general\/sollicituds-menjador-escolar-curs-2020-2021\/","title":{"rendered":"Sol\u00b7licituds menjador escolar curs 2020-2021"},"content":{"rendered":"<p>Estan obertes <strong>les sol\u00b7licituds de menjador pel curs 2020-21<\/strong>.<\/p>\n<p>La sol\u00b7licitud d\u2019alta al servei de menjador escolar no obligatori (a trav\u00e9s de domiciliaci\u00f3 banc\u00e0ria o de tiquets) va dirigida a l\u2019alumnat d\u2019infantil i prim\u00e0ria que no estava inscrit a aquest servei durant el curs 2019-2020 i vol utilitzar-lo per al curs 2020-2021.<\/p>\n<p><strong>1.Com i quan haig de<\/strong><strong>\u00a0tramitar l\u2019alta nova?<\/strong><\/p>\n<p>El tr\u00e0mit l\u2019heu de fer preferentment de manera telem\u00e0tica a trav\u00e9s de la seu electr\u00f2nica del Consell Comarcal del Baix Empord\u00e0.<\/p>\n<p>El termini \u00e9s de l\u2019<strong>1 al<\/strong>\u00a0<strong>20 de juliol de 2020.\u00a0<\/strong>Si la sol\u00b7licitud la feu posterior a aquest termini no us podem garantir l\u2019\u00fas del servei per al primer dia de curs.<\/p>\n<p><strong>2.On puc trobar la sol\u00b7licitud per donar-me d\u2019alta telem\u00e0ticament?<\/strong><\/p>\n<p>A l\u2019apartat Documentaci\u00f3 tramitaci\u00f3 serveis &#8211; \u201cMenjador escolar\u201d de la p\u00e0gina web de l\u2019\u00c0rea d\u2019Ensenyament:\u00a0<a href=\"https:\/\/www.baixemporda.cat\/ca\/documentacio.html\">https:\/\/www.baixemporda.cat\/ca\/documentacio.html<\/a>.<\/p>\n<p><strong>3.Qu\u00e8 necessito per tramitar l\u2019alta telem\u00e0tica?<\/strong><\/p>\n<p>&#8211; Un ordinador o tel\u00e8fon* intel\u00b7ligent (smartphone) amb acc\u00e9s a internet.<\/p>\n<p>&#8211; Una identificaci\u00f3 digital (IdCAT M\u00f2bil,\u00a0<a href=\"mailto:Cl@ve\">Cl@ve<\/a>, DNI electr\u00f2nic, certificat idCAT, etc.).<\/p>\n<p>&#8211; La \u201cSol\u00b7licitud d&#8217;alta de menjador escolar no obligatori de domiciliaci\u00f3 banc\u00e0ria\u201d o la de \u201ctiquets\u201d en funci\u00f3 de la modalitat de pagament escollida (l\u2019haureu de tenir emplenada i guardada a l\u2019ordinador abans d\u2019iniciar el tr\u00e0mit a trav\u00e9s de\u00a0 la Seu).<\/p>\n<p>&#8211; El \u201cDocument de domiciliaci\u00f3 SEPA\u201d. NOM\u00c9S en el cas que h\u00e0giu escollit la sol\u00b7licitud de domiciliaci\u00f3 banc\u00e0ria i el titular del compte sigui diferent al de la persona sol\u00b7licitant.<\/p>\n<p>*Si feu el tr\u00e0mit amb el tel\u00e8fon m\u00f2bil, el sistema us pot requerir que tingueu instal\u00b7lada l\u2019aplicaci\u00f3\u00a0<em>Adobe Acrobat Reader\u00a0<\/em>perqu\u00e8 pugueu editar la sol\u00b7licitud<em>.<\/em><\/p>\n<p><strong>4.Si no tinc cap identificaci\u00f3 digital, com la puc obtenir?<\/strong><\/p>\n<p>L\u2019opci\u00f3 m\u00e9s senzilla i r\u00e0pida \u00e9s l\u2019idCAT M\u00f2bil. Nom\u00e9s necessiteu tenir a m\u00e0 el DNI o NIE, la targeta sanit\u00e0ria i un tel\u00e8fon m\u00f2bil. A trav\u00e9s de l\u2019enlla\u00e7 seg\u00fcent:\u00a0<a href=\"https:\/\/idcatmobil.seu.cat\/\">https:\/\/idcatmobil.seu.cat<\/a>\u00a0\u00a0podreu donar-vos d\u2019alta a l\u2019instant.<\/p>\n<p><strong>5.Ja tinc tot el que \u00e9s necessari per fer l\u2019alta nova. I ara qu\u00e8?<\/strong><\/p>\n<p>Accediu a la Seu electr\u00f2nica del Consell Comarcal del Baix Empord\u00e0<strong>\u00a0<\/strong><a href=\"https:\/\/baixemporda.eadministracio.cat\/\">https:\/\/baixemporda.eadministracio.cat<\/a>\u00a0i cliqueu a\u00a0<strong>Inst\u00e0ncia General<\/strong>\u00a0de l\u2019apartat TR\u00c0MITS DESTACATS<\/p>\n<p>Pel que fa a les\u00a0<strong>renovacions\u00a0<\/strong>(alumnat que ha fet \u00fas del servei de menjador escolar durant el curs 2019-2020), us informem que les tramitarem directament des del Consell Comarcal. El funcionament de com s\u2019ha de renovar la sol\u00b7licitud el trobareu a la p\u00e0gina web de l\u2019\u00c0rea d\u2019Ensenyament\u00a0<a href=\"https:\/\/www.baixemporda.cat\/ca\/renovacio_de_la_sol_licitud_de_transport_i\/o_menjador_escolar_del_curs_2020_2021.html\" data-saferedirecturl=\"https:\/\/www.google.com\/url?q=https:\/\/www.baixemporda.cat\/ca\/renovacio_de_la_sol_licitud_de_transport_i\/o_menjador_escolar_del_curs_2020_2021.html&amp;source=gmail&amp;ust=1594801399287000&amp;usg=AFQjCNE23GkW4P1W3svz_-k7HDj_eBggLw\">https:\/\/www.baixemporda.cat\/ca\/renovacio_de_la_sol_licitud_de_transport_i\/o_menjador_escolar_del_curs_2020_2021.html<\/a><\/p>\n<p>&nbsp;<\/p>\n","protected":false},"excerpt":{"rendered":"<p>Estan obertes les sol\u00b7licituds de menjador pel curs 2020-21.<br \/>\nLa sol\u00b7licitud d\u2019alta al servei de menjador escolar no obligatori (a trav\u00e9s de domiciliaci\u00f3 banc\u00e0ria o de tiquets) va dirigida a l\u2019alumnat d\u2019infantil i prim\u00e0ria que no estava inscrit a aquest servei durant el curs 2019-2020 i&hellip;  <a href=\"https:\/\/agora.xtec.cat\/escolalavilapalamos\/general\/sollicituds-menjador-escolar-curs-2020-2021\/\" title=\"Read Sol\u00b7licituds menjador escolar curs 2020-2021\">Llegeix m\u00e9s\u00bb<\/a><\/p>\n","protected":false},"author":1,"featured_media":4191,"comment_status":"open","ping_status":"closed","sticky":false,"template":"","format":"standard","meta":{"_bbp_topic_count":0,"_bbp_reply_count":0,"_bbp_total_topic_count":0,"_bbp_total_reply_count":0,"_bbp_voice_count":0,"_bbp_anonymous_reply_count":0,"_bbp_topic_count_hidden":0,"_bbp_reply_count_hidden":0,"_bbp_forum_subforum_count":0,"footnotes":""},"categories":[1,4,5],"tags":[],"class_list":["post-7904","post","type-post","status-publish","format-standard","has-post-thumbnail","hentry","category-general","category-portada","category-primaria"],"post_mailing_queue_ids":[],"_links":{"self":[{"href":"https:\/\/agora.xtec.cat\/escolalavilapalamos\/wp-json\/wp\/v2\/posts\/7904","targetHints":{"allow":["GET"]}}],"collection":[{"href":"https:\/\/agora.xtec.cat\/escolalavilapalamos\/wp-json\/wp\/v2\/posts"}],"about":[{"href":"https:\/\/agora.xtec.cat\/escolalavilapalamos\/wp-json\/wp\/v2\/types\/post"}],"author":[{"embeddable":true,"href":"https:\/\/agora.xtec.cat\/escolalavilapalamos\/wp-json\/wp\/v2\/users\/1"}],"replies":[{"embeddable":true,"href":"https:\/\/agora.xtec.cat\/escolalavilapalamos\/wp-json\/wp\/v2\/comments?post=7904"}],"version-history":[{"count":2,"href":"https:\/\/agora.xtec.cat\/escolalavilapalamos\/wp-json\/wp\/v2\/posts\/7904\/revisions"}],"predecessor-version":[{"id":7912,"href":"https:\/\/agora.xtec.cat\/escolalavilapalamos\/wp-json\/wp\/v2\/posts\/7904\/revisions\/7912"}],"wp:featuredmedia":[{"embeddable":true,"href":"https:\/\/agora.xtec.cat\/escolalavilapalamos\/wp-json\/wp\/v2\/media\/4191"}],"wp:attachment":[{"href":"https:\/\/agora.xtec.cat\/escolalavilapalamos\/wp-json\/wp\/v2\/media?parent=7904"}],"wp:term":[{"taxonomy":"category","embeddable":true,"href":"https:\/\/agora.xtec.cat\/escolalavilapalamos\/wp-json\/wp\/v2\/categories?post=7904"},{"taxonomy":"post_tag","embeddable":true,"href":"https:\/\/agora.xtec.cat\/escolalavilapalamos\/wp-json\/wp\/v2\/tags?post=7904"}],"curies":[{"name":"wp","href":"https:\/\/api.w.org\/{rel}","templated":true}]}}