{"id":7886,"date":"2020-06-01T10:49:12","date_gmt":"2020-06-01T08:49:12","guid":{"rendered":"http:\/\/agora.xtec.cat\/escolalavilapalamos\/?p=7886"},"modified":"2020-07-06T10:51:26","modified_gmt":"2020-07-06T08:51:26","slug":"informacions-juny-2020","status":"publish","type":"post","link":"https:\/\/agora.xtec.cat\/escolalavilapalamos\/general\/informacions-juny-2020\/","title":{"rendered":"Informacions Juny 2020"},"content":{"rendered":"<h3><img loading=\"lazy\" decoding=\"async\" class=\" wp-image-7858 alignleft\" src=\"https:\/\/agora.xtec.cat\/escolalavilapalamos\/wp-content\/uploads\/usu897\/2020\/06\/Informascions-juny-2020.jpg\" alt=\"\" width=\"320\" height=\"739\" srcset=\"https:\/\/agora.xtec.cat\/escolalavilapalamos\/wp-content\/uploads\/usu897\/2020\/06\/Informascions-juny-2020.jpg 365w, https:\/\/agora.xtec.cat\/escolalavilapalamos\/wp-content\/uploads\/usu897\/2020\/06\/Informascions-juny-2020-130x300.jpg 130w\" sizes=\"auto, (max-width: 320px) 100vw, 320px\" \/><\/h3>\n<div><\/div>\n<p><strong>Divendres 19 de juny arriba el darrer dia del curs escolar 2019-20.<\/strong> Arribem a un final de curs at\u00edpic, sense nens, nenes ni mestres a les escoles. La Vila \u00e9s buida de somriures, rialles, xivarri, converses, moviment, etc. \u00c9s una situaci\u00f3 que no ens pod\u00edem imaginar quan el 12 de setembre de 2019 comen\u00e7ava el curs.<\/p>\n<p>Agrair\u00a0 als nens, nenes, pares i mares i mestres de l&#8217;escola l&#8217;esfor\u00e7\u00a0fet aquests darrers tres mesos per poder continuar l&#8217;escola des de casa.<\/p>\n<p>Gr\u00e0cies als nens i nenes per la seva maduresa en passar l&#8217;experi\u00e8ncia del confinament i la paci\u00e8ncia que han demostrat tot aquest temps, el treball escolar a casa i la molta imaginaci\u00f3 que han posat en totes les activitats.<\/p>\n<p>Gr\u00e0cies a les fam\u00edlies, pares i mares, per tot l&#8217;esfor\u00e7 escolar posat en els vostres fills\/es a fi d&#8217;atendre les seves necessitats educatives i acompanyar-los en totes les tasques proposades des de l&#8217;escola.<\/p>\n<p>I gr\u00e0cies a les mestres i els mestres per l&#8217;esfor\u00e7 d&#8217;adaptar-se a una situaci\u00f3 inesperada, per aprendre a crear un m\u00f3n virtual i per acompanyar als nens\/es i fam\u00edlies tot aquest temps.<\/p>\n<p>Realment, aquest ha estat un curs diferent, i segurament el proper curs 2020-21 tamb\u00e9 ho ser\u00e0. Des del Departament d&#8217;Educaci\u00f3 es vol garantir que tots els nens i nenes en edat escolar puguin venir a l&#8217;escola amb normalitat a partir del 14 de setembre. En les properes setmanes rebreu m\u00e9s informaci\u00f3 del proper curs i us podrem anar concretant algunes novetats.<\/p>\n<p>Tal i com deia\u00a0Hes\u00edode\u00a0<em>L&#8217;educaci\u00f3 ajuda a la persona a aprendre a ser el que \u00e9s capa\u00e7 de ser.<\/em> Aquesta situaci\u00f3 ens ha donat a tots una lli\u00e7\u00f3 en molts sentits.<\/p>\n<p>Us passem una infografia\u00a0amb informacions importants d&#8217;aquest final de curs 2019-20 sobre els informes d&#8217;avaluaci\u00f3, el material, les propostes d&#8217;estiu, etc.<\/p>\n<p>Esperem que estigueu tots b\u00e9 de salut i ens puguem veure ben aviat. Bon estiu !<\/p>\n<p>&nbsp;<\/p>\n<p>&nbsp;<\/p>\n<p>Una abra\u00e7ada i bon estiu<\/p>\n","protected":false},"excerpt":{"rendered":"<p>Divendres 19 de juny arriba el darrer dia del curs escolar 2019-20. Arribem a un final de curs at\u00edpic, sense nens, nenes ni mestres a les escoles. La Vila \u00e9s buida de somriures, rialles, xivarri, converses, moviment, etc. \u00c9s una situaci\u00f3 que no ens pod\u00edem&hellip;  <a href=\"https:\/\/agora.xtec.cat\/escolalavilapalamos\/general\/informacions-juny-2020\/\" title=\"Read Informacions Juny 2020\">Llegeix m\u00e9s\u00bb<\/a><\/p>\n","protected":false},"author":1,"featured_media":7858,"comment_status":"open","ping_status":"closed","sticky":false,"template":"","format":"standard","meta":{"_bbp_topic_count":0,"_bbp_reply_count":0,"_bbp_total_topic_count":0,"_bbp_total_reply_count":0,"_bbp_voice_count":0,"_bbp_anonymous_reply_count":0,"_bbp_topic_count_hidden":0,"_bbp_reply_count_hidden":0,"_bbp_forum_subforum_count":0,"footnotes":""},"categories":[128,127,2,1,4,5],"tags":[],"class_list":["post-7886","post","type-post","status-publish","format-standard","has-post-thumbnail","hentry","category-comunitat-de-grans","category-comunitat-de-mitjans","category-infantil","category-general","category-portada","category-primaria"],"post_mailing_queue_ids":[],"_links":{"self":[{"href":"https:\/\/agora.xtec.cat\/escolalavilapalamos\/wp-json\/wp\/v2\/posts\/7886","targetHints":{"allow":["GET"]}}],"collection":[{"href":"https:\/\/agora.xtec.cat\/escolalavilapalamos\/wp-json\/wp\/v2\/posts"}],"about":[{"href":"https:\/\/agora.xtec.cat\/escolalavilapalamos\/wp-json\/wp\/v2\/types\/post"}],"author":[{"embeddable":true,"href":"https:\/\/agora.xtec.cat\/escolalavilapalamos\/wp-json\/wp\/v2\/users\/1"}],"replies":[{"embeddable":true,"href":"https:\/\/agora.xtec.cat\/escolalavilapalamos\/wp-json\/wp\/v2\/comments?post=7886"}],"version-history":[{"count":1,"href":"https:\/\/agora.xtec.cat\/escolalavilapalamos\/wp-json\/wp\/v2\/posts\/7886\/revisions"}],"predecessor-version":[{"id":7887,"href":"https:\/\/agora.xtec.cat\/escolalavilapalamos\/wp-json\/wp\/v2\/posts\/7886\/revisions\/7887"}],"wp:featuredmedia":[{"embeddable":true,"href":"https:\/\/agora.xtec.cat\/escolalavilapalamos\/wp-json\/wp\/v2\/media\/7858"}],"wp:attachment":[{"href":"https:\/\/agora.xtec.cat\/escolalavilapalamos\/wp-json\/wp\/v2\/media?parent=7886"}],"wp:term":[{"taxonomy":"category","embeddable":true,"href":"https:\/\/agora.xtec.cat\/escolalavilapalamos\/wp-json\/wp\/v2\/categories?post=7886"},{"taxonomy":"post_tag","embeddable":true,"href":"https:\/\/agora.xtec.cat\/escolalavilapalamos\/wp-json\/wp\/v2\/tags?post=7886"}],"curies":[{"name":"wp","href":"https:\/\/api.w.org\/{rel}","templated":true}]}}