{"id":7884,"date":"2020-07-06T10:48:41","date_gmt":"2020-07-06T08:48:41","guid":{"rendered":"http:\/\/agora.xtec.cat\/escolalavilapalamos\/?p=7884"},"modified":"2020-07-14T13:49:02","modified_gmt":"2020-07-14T11:49:02","slug":"periode-de-matriculacio-a-infantil-i-primaria-2","status":"publish","type":"post","link":"https:\/\/agora.xtec.cat\/escolalavilapalamos\/general\/periode-de-matriculacio-a-infantil-i-primaria-2\/","title":{"rendered":"Per\u00edode de matriculaci\u00f3 a Infantil i Prim\u00e0ria"},"content":{"rendered":"<p>D<a href=\"http:\/\/agora.xtec.cat\/escolalavilapalamos\/wp-content\/uploads\/usu897\/2014\/10\/matricula.jpg\"><img loading=\"lazy\" decoding=\"async\" class=\" wp-image-1671 alignright\" src=\"http:\/\/agora.xtec.cat\/escolalavilapalamos\/wp-content\/uploads\/usu897\/2014\/10\/matricula.jpg\" alt=\"matricula\" width=\"248\" height=\"253\" srcset=\"https:\/\/agora.xtec.cat\/escolalavilapalamos\/wp-content\/uploads\/usu897\/2014\/10\/matricula.jpg 320w, https:\/\/agora.xtec.cat\/escolalavilapalamos\/wp-content\/uploads\/usu897\/2014\/10\/matricula-294x300.jpg 294w\" sizes=\"auto, (max-width: 248px) 100vw, 248px\" \/><\/a>el\u00a0<strong>dilluns 13 al divendres 17 de juliol<\/strong> s&#8217;obre el per\u00edode per formalitzar la\u00a0<strong>matr\u00edcula dels alumnes d&#8217;educaci\u00f3 infantil i prim\u00e0ria pel curs 2020-21. <\/strong>Cal que consulteu la llista d&#8217;admesos del per\u00edode de la preinscripci\u00f3 que trobareu penjada <a href=\"https:\/\/drive.google.com\/file\/d\/1eOK4mZTrRkjLYHljvraiPq-g8drzel8y\/view?usp=sharing\">aqu\u00ed<\/a> i al taulell d&#8217;anuncis de l&#8217;escola, per saber si podeu matricular el nen\/a. <strong>La llista d&#8217;admesos es penja el dimarts 7 de juliol.<\/strong><\/p>\n<p>Els alumnes que no formalitzen la matr\u00edcula en el per\u00edode establert <strong>es considera que renuncien a la pla\u00e7a adjudicada.<\/strong><\/p>\n<p>Tota\u00a0<strong>la documentaci\u00f3<\/strong> per la matr\u00edcula us la podeu descarregar <a href=\"https:\/\/drive.google.com\/file\/d\/1tVC5_q7ufR35BjZ3y1sYXcuVJUa-Zhnr\/view?usp=sharing\">aqu\u00ed<\/a>.\u00a0 <a href=\"https:\/\/drive.google.com\/file\/d\/1DlCYc8Tri7RRRp68wisR1dylm49SYoB3\/view?usp=sharing\">Nota informativa<\/a>.<\/p>\n<p>Sobre les quotes d&#8217;inici de curs per alumnes nous i m\u00e9s informaci\u00f3 del curs 20-21 en breu rebreu m\u00e9s informaci\u00f3.<\/p>\n<p><strong><span style=\"color: #ff0000;\">No cal venir a l&#8217;escola. Es pot enviar tot escanejat o en format fotografia per mail al correu <a href=\"mailto:b7002569@xtec.cat\">b7002569@xtec.cat<\/a><br \/>\n<\/span><\/strong><\/p>\n<p>S&#8217;ha de fer arribar a l&#8217;escola <strong>el document de matr\u00edcula<\/strong>, una <strong>foto o fotoc\u00f2pia del llibre de vacunes, la targeta sanit\u00e0ria i una fotografia<\/strong> mida carnet del\/de la vostre\/a fill\/a.<\/p>\n<p>Es pot presentar una reclamaci\u00f3 a la llista d&#8217;admesos a la Comissi\u00f3 de Garanties del proc\u00e9s de preinscripci\u00f3 de Palam\u00f3s. Per fer la reclamaci\u00f3 s&#8217;ha d&#8217;omplir <a href=\"https:\/\/drive.google.com\/file\/d\/1o4jvvjtql-77WNyJf0qFaqDnFxRWe3KM\/view?usp=sharing\">el full de reclamaci\u00f3<\/a> i enviar-lo a l&#8217;escola al correu <strong>b7002569<span class=\"atwho-query\">@xtec.cat<\/span><\/strong><\/p>\n<p>M\u00e9s informaci\u00f3 a la\u00a0<a href=\"http:\/\/queestudiar.gencat.cat\/ca\/preinscripcio\/estudis\/obligatoris\/matricula\/\">web del Departament d&#8217;Ensenyament<\/a>.<\/p>\n","protected":false},"excerpt":{"rendered":"<p>D<a href=\"http:\/\/agora.xtec.cat\/escolalavilapalamos\/wp-content\/uploads\/usu897\/2014\/10\/matricula.jpg\"><\/a>el\u00a0dilluns 13 al divendres 17 de juliol s&#8217;obre el per\u00edode per formalitzar la\u00a0matr\u00edcula dels alumnes d&#8217;educaci\u00f3 infantil i prim\u00e0ria pel curs 2020-21. Cal que consulteu la llista d&#8217;admesos del per\u00edode de la preinscripci\u00f3 que trobareu penjada <a href=\"https:\/\/drive.google.com\/file\/d\/1eOK4mZTrRkjLYHljvraiPq-g8drzel8y\/view?usp=sharing\">aqu\u00ed<\/a> i al taulell d&#8217;anuncis de l&#8217;escola,&hellip;  <a href=\"https:\/\/agora.xtec.cat\/escolalavilapalamos\/general\/periode-de-matriculacio-a-infantil-i-primaria-2\/\" title=\"Read Per\u00edode de matriculaci\u00f3 a Infantil i Prim\u00e0ria\">Llegeix m\u00e9s\u00bb<\/a><\/p>\n","protected":false},"author":1,"featured_media":1671,"comment_status":"open","ping_status":"closed","sticky":false,"template":"","format":"standard","meta":{"_bbp_topic_count":0,"_bbp_reply_count":0,"_bbp_total_topic_count":0,"_bbp_total_reply_count":0,"_bbp_voice_count":0,"_bbp_anonymous_reply_count":0,"_bbp_topic_count_hidden":0,"_bbp_reply_count_hidden":0,"_bbp_forum_subforum_count":0,"footnotes":""},"categories":[1,4,5],"tags":[],"class_list":["post-7884","post","type-post","status-publish","format-standard","has-post-thumbnail","hentry","category-general","category-portada","category-primaria"],"post_mailing_queue_ids":[],"_links":{"self":[{"href":"https:\/\/agora.xtec.cat\/escolalavilapalamos\/wp-json\/wp\/v2\/posts\/7884","targetHints":{"allow":["GET"]}}],"collection":[{"href":"https:\/\/agora.xtec.cat\/escolalavilapalamos\/wp-json\/wp\/v2\/posts"}],"about":[{"href":"https:\/\/agora.xtec.cat\/escolalavilapalamos\/wp-json\/wp\/v2\/types\/post"}],"author":[{"embeddable":true,"href":"https:\/\/agora.xtec.cat\/escolalavilapalamos\/wp-json\/wp\/v2\/users\/1"}],"replies":[{"embeddable":true,"href":"https:\/\/agora.xtec.cat\/escolalavilapalamos\/wp-json\/wp\/v2\/comments?post=7884"}],"version-history":[{"count":3,"href":"https:\/\/agora.xtec.cat\/escolalavilapalamos\/wp-json\/wp\/v2\/posts\/7884\/revisions"}],"predecessor-version":[{"id":7903,"href":"https:\/\/agora.xtec.cat\/escolalavilapalamos\/wp-json\/wp\/v2\/posts\/7884\/revisions\/7903"}],"wp:featuredmedia":[{"embeddable":true,"href":"https:\/\/agora.xtec.cat\/escolalavilapalamos\/wp-json\/wp\/v2\/media\/1671"}],"wp:attachment":[{"href":"https:\/\/agora.xtec.cat\/escolalavilapalamos\/wp-json\/wp\/v2\/media?parent=7884"}],"wp:term":[{"taxonomy":"category","embeddable":true,"href":"https:\/\/agora.xtec.cat\/escolalavilapalamos\/wp-json\/wp\/v2\/categories?post=7884"},{"taxonomy":"post_tag","embeddable":true,"href":"https:\/\/agora.xtec.cat\/escolalavilapalamos\/wp-json\/wp\/v2\/tags?post=7884"}],"curies":[{"name":"wp","href":"https:\/\/api.w.org\/{rel}","templated":true}]}}