{"id":7856,"date":"2020-05-31T09:00:26","date_gmt":"2020-05-31T07:00:26","guid":{"rendered":"http:\/\/agora.xtec.cat\/escolalavilapalamos\/?p=7856"},"modified":"2020-07-06T10:59:06","modified_gmt":"2020-07-06T08:59:06","slug":"pla-de-reobertura-de-lescola-la-vila","status":"publish","type":"post","link":"https:\/\/agora.xtec.cat\/escolalavilapalamos\/general\/pla-de-reobertura-de-lescola-la-vila\/","title":{"rendered":"Pla de reobertura de l&#8217;Escola La Vila"},"content":{"rendered":"<h4><a href=\"https:\/\/agora.xtec.cat\/escolalavilapalamos\/wp-content\/uploads\/usu897\/2020\/05\/La-Vila.jpg\"><img loading=\"lazy\" decoding=\"async\" class=\"size-full wp-image-7803 alignright\" src=\"https:\/\/agora.xtec.cat\/escolalavilapalamos\/wp-content\/uploads\/usu897\/2020\/05\/La-Vila.jpg\" alt=\"\" width=\"570\" height=\"230\" srcset=\"https:\/\/agora.xtec.cat\/escolalavilapalamos\/wp-content\/uploads\/usu897\/2020\/05\/La-Vila.jpg 570w, https:\/\/agora.xtec.cat\/escolalavilapalamos\/wp-content\/uploads\/usu897\/2020\/05\/La-Vila-300x121.jpg 300w\" sizes=\"auto, (max-width: 570px) 100vw, 570px\" \/><\/a><\/h4>\n<p>Dilluns 1 de juny la zona sanit\u00e0ria de Girona passar\u00e0 a fase 2. A partir d\u2019aquest moment es preveu la reobertura dels centres educatius.<strong> L\u2019assist\u00e8ncia \u00e9s volunt\u00e0ria, no obligat\u00f2ria.<\/strong><br \/>\nDe l\u20191 al 19 de juny, ambd\u00f3s inclosos.<br \/>\nHoraris: mireu infografies<br \/>\nNo es far\u00e0 classe ni activitat lectiva.<br \/>\nContinuem amb les propostes telem\u00e0tiques.<\/p>\n<p>Descarrega&#8217;t <a href=\"https:\/\/drive.google.com\/file\/d\/1gwKPMjTUjKyhbO6bbwh1MycoWDvDYnX2\/view?usp=sharing\">El Pla de reobertura de l&#8217;Escola La Vila<\/a><\/p>\n<p>Davant la situaci\u00f3 de pand\u00e8mia les mesures sanit\u00e0ries s\u00f3n estrictes. Consulteu les infografies adjuntes.<\/p>\n<p>Pares i mares de P3, P4, P5 o 6\u00e8 heu de respondre aquest q\u00fcestionari totes les fam\u00edlies, tant si portareu els nens\/es a l\u2019escola com si no. <a href=\"https:\/\/forms.gle\/wmP4sx5mNrfdq2Ai7\">https:\/\/forms.gle\/wmP4sx5mNrfdq2Ai7<\/a><\/p>\n<p>No es podran portar a l\u2019escola germans de diferents comunitats, nom\u00e9s alumnes d\u2019infantil o alumnes de 6\u00e8<\/p>\n<p><strong>S\u2019ha de comunicar a l\u2019escola fins divendres 29 de maig<\/strong><\/p>\n<p>Important: Una vegada iniciat el per\u00edode de reobertura del centre no es podr\u00e0 afegir alumnes nous que no ho hagin comunicat pr\u00e8viament. Hem de fer grups estables.<\/p>\n<p><a href=\"https:\/\/drive.google.com\/file\/d\/1iWnooheKnW_jYoNrYJfrbf7fSzSNT2fk\/view\">Descarrega&#8217;t la informaci\u00f3 per Educaci\u00f3 Infantil<\/a><\/p>\n<p><a href=\"https:\/\/drive.google.com\/file\/d\/1-Y_nFdTySiouDpcHbLQ1faNMXGDmRmsG\/view\">Descarrega&#8217;t la informaci\u00f3 per Educaci\u00f3 Prim\u00e0ria<\/a><\/p>\n<p><a href=\"https:\/\/drive.google.com\/file\/d\/1q_K7x_Ch_h2biXtBUOgaDrI-GudoPJI8\/view\">Declaraci\u00f3 responsable per a les fam\u00edlies d\u2019alumnes d&#8217;educaci\u00f3 prim\u00e0ria<\/a><\/p>\n<p><a href=\"https:\/\/drive.google.com\/file\/d\/1K8P2DeTrePD5R935WuDTjFfDoRNFnbzA\/view\">Declaraci\u00f3 responsable per a les fam\u00edlies d\u2019alumnes d\u2019educaci\u00f3 infantil<\/a><\/p>\n<p><a href=\"https:\/\/agora.xtec.cat\/escolalavilapalamos\/wp-content\/uploads\/usu897\/2020\/05\/infantil.jpg\"><img loading=\"lazy\" decoding=\"async\" class=\"alignnone size-full wp-image-7805\" src=\"https:\/\/agora.xtec.cat\/escolalavilapalamos\/wp-content\/uploads\/usu897\/2020\/05\/infantil.jpg\" alt=\"\" width=\"339\" height=\"490\" srcset=\"https:\/\/agora.xtec.cat\/escolalavilapalamos\/wp-content\/uploads\/usu897\/2020\/05\/infantil.jpg 339w, https:\/\/agora.xtec.cat\/escolalavilapalamos\/wp-content\/uploads\/usu897\/2020\/05\/infantil-208x300.jpg 208w\" sizes=\"auto, (max-width: 339px) 100vw, 339px\" \/><\/a><a href=\"https:\/\/agora.xtec.cat\/escolalavilapalamos\/wp-content\/uploads\/usu897\/2020\/05\/prim\u00e0ria.jpg\"><img loading=\"lazy\" decoding=\"async\" class=\"wp-image-7808 alignright\" src=\"https:\/\/agora.xtec.cat\/escolalavilapalamos\/wp-content\/uploads\/usu897\/2020\/05\/prim\u00e0ria.jpg\" alt=\"\" width=\"329\" height=\"492\" srcset=\"https:\/\/agora.xtec.cat\/escolalavilapalamos\/wp-content\/uploads\/usu897\/2020\/05\/prim\u00e0ria.jpg 356w, https:\/\/agora.xtec.cat\/escolalavilapalamos\/wp-content\/uploads\/usu897\/2020\/05\/prim\u00e0ria-201x300.jpg 201w\" sizes=\"auto, (max-width: 329px) 100vw, 329px\" \/><\/a><\/p>\n<p>&nbsp;<\/p>\n","protected":false},"excerpt":{"rendered":"<p><a href=\"https:\/\/agora.xtec.cat\/escolalavilapalamos\/wp-content\/uploads\/usu897\/2020\/05\/La-Vila.jpg\"><\/a><br \/>\nDilluns 1 de juny la zona sanit\u00e0ria de Girona passar\u00e0 a fase 2. A partir d\u2019aquest moment es preveu la reobertura dels centres educatius. L\u2019assist\u00e8ncia \u00e9s volunt\u00e0ria, no obligat\u00f2ria.<br \/>\nDe l\u20191 al 19 de juny, ambd\u00f3s inclosos.<br \/>\nHoraris: mireu infografies<br \/>\nNo es far\u00e0 classe ni activitat lectiva.<br \/>\nContinuem&hellip;  <a href=\"https:\/\/agora.xtec.cat\/escolalavilapalamos\/general\/pla-de-reobertura-de-lescola-la-vila\/\" title=\"Read Pla de reobertura de l&#8217;Escola La Vila\">Llegeix m\u00e9s\u00bb<\/a><\/p>\n","protected":false},"author":1,"featured_media":7803,"comment_status":"open","ping_status":"closed","sticky":false,"template":"","format":"standard","meta":{"_bbp_topic_count":0,"_bbp_reply_count":0,"_bbp_total_topic_count":0,"_bbp_total_reply_count":0,"_bbp_voice_count":0,"_bbp_anonymous_reply_count":0,"_bbp_topic_count_hidden":0,"_bbp_reply_count_hidden":0,"_bbp_forum_subforum_count":0,"footnotes":""},"categories":[128,127,2,1,4],"tags":[],"class_list":["post-7856","post","type-post","status-publish","format-standard","has-post-thumbnail","hentry","category-comunitat-de-grans","category-comunitat-de-mitjans","category-infantil","category-general","category-portada"],"post_mailing_queue_ids":[],"_links":{"self":[{"href":"https:\/\/agora.xtec.cat\/escolalavilapalamos\/wp-json\/wp\/v2\/posts\/7856","targetHints":{"allow":["GET"]}}],"collection":[{"href":"https:\/\/agora.xtec.cat\/escolalavilapalamos\/wp-json\/wp\/v2\/posts"}],"about":[{"href":"https:\/\/agora.xtec.cat\/escolalavilapalamos\/wp-json\/wp\/v2\/types\/post"}],"author":[{"embeddable":true,"href":"https:\/\/agora.xtec.cat\/escolalavilapalamos\/wp-json\/wp\/v2\/users\/1"}],"replies":[{"embeddable":true,"href":"https:\/\/agora.xtec.cat\/escolalavilapalamos\/wp-json\/wp\/v2\/comments?post=7856"}],"version-history":[{"count":1,"href":"https:\/\/agora.xtec.cat\/escolalavilapalamos\/wp-json\/wp\/v2\/posts\/7856\/revisions"}],"predecessor-version":[{"id":7857,"href":"https:\/\/agora.xtec.cat\/escolalavilapalamos\/wp-json\/wp\/v2\/posts\/7856\/revisions\/7857"}],"wp:featuredmedia":[{"embeddable":true,"href":"https:\/\/agora.xtec.cat\/escolalavilapalamos\/wp-json\/wp\/v2\/media\/7803"}],"wp:attachment":[{"href":"https:\/\/agora.xtec.cat\/escolalavilapalamos\/wp-json\/wp\/v2\/media?parent=7856"}],"wp:term":[{"taxonomy":"category","embeddable":true,"href":"https:\/\/agora.xtec.cat\/escolalavilapalamos\/wp-json\/wp\/v2\/categories?post=7856"},{"taxonomy":"post_tag","embeddable":true,"href":"https:\/\/agora.xtec.cat\/escolalavilapalamos\/wp-json\/wp\/v2\/tags?post=7856"}],"curies":[{"name":"wp","href":"https:\/\/api.w.org\/{rel}","templated":true}]}}