{"id":7848,"date":"2020-06-17T11:20:57","date_gmt":"2020-06-17T09:20:57","guid":{"rendered":"http:\/\/agora.xtec.cat\/escolalavilapalamos\/?p=7848"},"modified":"2020-06-17T12:27:21","modified_gmt":"2020-06-17T10:27:21","slug":"actualitzacio-de-dades-confirmacio-de-placa-del-curs-2020-21","status":"publish","type":"post","link":"https:\/\/agora.xtec.cat\/escolalavilapalamos\/portada\/actualitzacio-de-dades-confirmacio-de-placa-del-curs-2020-21\/","title":{"rendered":"Confirmaci\u00f3 de pla\u00e7a i actualitzaci\u00f3 de dades pel curs 2020-21"},"content":{"rendered":"<p><a href=\"http:\/\/agora.xtec.cat\/escolalavilapalamos\/wp-content\/uploads\/usu897\/2017\/05\/caricaturas-de-ni\u00f1os-estudiando-animadas-400x348.jpg\"><img loading=\"lazy\" decoding=\"async\" class=\" wp-image-1397 alignright\" src=\"http:\/\/agora.xtec.cat\/escolalavilapalamos\/wp-content\/uploads\/usu897\/2017\/05\/caricaturas-de-ni\u00f1os-estudiando-animadas-400x348.jpg\" alt=\"caricaturas-de-ni\u00f1os-estudiando-animadas-400x348\" width=\"274\" height=\"238\" srcset=\"https:\/\/agora.xtec.cat\/escolalavilapalamos\/wp-content\/uploads\/usu897\/2017\/05\/caricaturas-de-ni\u00f1os-estudiando-animadas-400x348.jpg 400w, https:\/\/agora.xtec.cat\/escolalavilapalamos\/wp-content\/uploads\/usu897\/2017\/05\/caricaturas-de-ni\u00f1os-estudiando-animadas-400x348-300x261.jpg 300w\" sizes=\"auto, (max-width: 274px) 100vw, 274px\" \/><\/a>Del 16 al 22 de juny s&#8217;ha <strong>d&#8217;omplir <a href=\"https:\/\/forms.gle\/nw7yy5YJwfbscfYW9\">el formulari de confirmaci\u00f3 de pla\u00e7a a la nostra escola pel curs 2020-21<\/a>.<\/strong><\/p>\n<p><strong>Cal que indiqueu si el vostre fill\/a continuar\u00e0 a La Vila el curs 2020-21<\/strong>. Alhora caldr\u00e0 informar-nos si han canviat les vostres dades personals, en especial els n\u00fameros de tel\u00e8fon\u00a0 i que especifiqueu a qui pertany cada n\u00famero. <span style=\"color: #ff0000;\"><strong>Darrer dia per omplir el formulari: dilluns 22 de juny<\/strong><\/span><\/p>\n<p>A primer de juliol rebreu tota la informaci\u00f3 del curs 2020-21<\/p>\n<p>Per qualsevol dubte o m\u00e9s informaci\u00f3 podeu passar per la secretaria de l&#8217;escola o b\u00e9 trucar-nos.<\/p>\n","protected":false},"excerpt":{"rendered":"<p><a href=\"http:\/\/agora.xtec.cat\/escolalavilapalamos\/wp-content\/uploads\/usu897\/2017\/05\/caricaturas-de-ni\u00f1os-estudiando-animadas-400x348.jpg\"><\/a>Del 16 al 22 de juny s&#8217;ha d&#8217;omplir <a href=\"https:\/\/forms.gle\/nw7yy5YJwfbscfYW9\">el formulari de confirmaci\u00f3 de pla\u00e7a a la nostra escola pel curs 2020-21<\/a>.<br \/>\nCal que indiqueu si el vostre fill\/a continuar\u00e0 a La Vila el curs 2020-21. Alhora caldr\u00e0 informar-nos si han canviat les vostres dades&hellip;  <a href=\"https:\/\/agora.xtec.cat\/escolalavilapalamos\/portada\/actualitzacio-de-dades-confirmacio-de-placa-del-curs-2020-21\/\" title=\"Read Confirmaci\u00f3 de pla\u00e7a i actualitzaci\u00f3 de dades pel curs 2020-21\">Llegeix m\u00e9s\u00bb<\/a><\/p>\n","protected":false},"author":1,"featured_media":7850,"comment_status":"open","ping_status":"closed","sticky":false,"template":"","format":"standard","meta":{"_bbp_topic_count":0,"_bbp_reply_count":0,"_bbp_total_topic_count":0,"_bbp_total_reply_count":0,"_bbp_voice_count":0,"_bbp_anonymous_reply_count":0,"_bbp_topic_count_hidden":0,"_bbp_reply_count_hidden":0,"_bbp_forum_subforum_count":0,"footnotes":""},"categories":[4],"tags":[],"class_list":["post-7848","post","type-post","status-publish","format-standard","has-post-thumbnail","hentry","category-portada"],"post_mailing_queue_ids":[],"_links":{"self":[{"href":"https:\/\/agora.xtec.cat\/escolalavilapalamos\/wp-json\/wp\/v2\/posts\/7848","targetHints":{"allow":["GET"]}}],"collection":[{"href":"https:\/\/agora.xtec.cat\/escolalavilapalamos\/wp-json\/wp\/v2\/posts"}],"about":[{"href":"https:\/\/agora.xtec.cat\/escolalavilapalamos\/wp-json\/wp\/v2\/types\/post"}],"author":[{"embeddable":true,"href":"https:\/\/agora.xtec.cat\/escolalavilapalamos\/wp-json\/wp\/v2\/users\/1"}],"replies":[{"embeddable":true,"href":"https:\/\/agora.xtec.cat\/escolalavilapalamos\/wp-json\/wp\/v2\/comments?post=7848"}],"version-history":[{"count":3,"href":"https:\/\/agora.xtec.cat\/escolalavilapalamos\/wp-json\/wp\/v2\/posts\/7848\/revisions"}],"predecessor-version":[{"id":7854,"href":"https:\/\/agora.xtec.cat\/escolalavilapalamos\/wp-json\/wp\/v2\/posts\/7848\/revisions\/7854"}],"wp:featuredmedia":[{"embeddable":true,"href":"https:\/\/agora.xtec.cat\/escolalavilapalamos\/wp-json\/wp\/v2\/media\/7850"}],"wp:attachment":[{"href":"https:\/\/agora.xtec.cat\/escolalavilapalamos\/wp-json\/wp\/v2\/media?parent=7848"}],"wp:term":[{"taxonomy":"category","embeddable":true,"href":"https:\/\/agora.xtec.cat\/escolalavilapalamos\/wp-json\/wp\/v2\/categories?post=7848"},{"taxonomy":"post_tag","embeddable":true,"href":"https:\/\/agora.xtec.cat\/escolalavilapalamos\/wp-json\/wp\/v2\/tags?post=7848"}],"curies":[{"name":"wp","href":"https:\/\/api.w.org\/{rel}","templated":true}]}}